{"id":2294,"date":"2024-11-22T16:00:00","date_gmt":"2024-11-22T19:00:00","guid":{"rendered":"https:\/\/orillasnuevas.org\/?p=2294"},"modified":"2024-11-22T16:55:59","modified_gmt":"2024-11-22T19:55:59","slug":"una-imagen-dice-mas-que-mil-palabras","status":"publish","type":"post","link":"https:\/\/orillasnuevas.org\/fr\/bitacora\/una-imagen-dice-mas-que-mil-palabras\/","title":{"rendered":"Una imagen dice m\u00e1s que mil palabras"},"content":{"rendered":"<p>Quer\u00edamos tener una huella de nuestro<em> atelier<\/em>, que condense todo el proceso colaborativo que realizamos.<\/p>\n\n\n\n<p>Les pedimos al dise\u00f1ador de la imagen de Orillas Nuevas, Mart\u00edn Gorricho, un p\u00f3ster para l\u00b4Atelier. Mart\u00edn realiz\u00f3 una pieza que combina lo federal, lo franc\u00e9s y lo innovador, manteniendo la paleta crom\u00e1tica y la ic\u00f3nica onda que cre\u00f3 con la tipograf\u00eda Don Jos\u00e9 de Cristian Tournier.<\/p>\n\n\n\n<p>Eligi\u00f3 junto a Alejo \u201cMapache\u201d Capdevilla trabajar con t\u00e9cnicas de impresi\u00f3n que cruzan lo gr\u00e1fico y lo artesanal, con matrices de madera y prensas que le aportan una aleatoriedad a la pieza y manifiestan la adici\u00f3n de personas, disciplinas, conocimientos, intereses unidos en esta semana.<\/p>\n\n\n\n<figure class=\"wp-block-image size-large\"><img fetchpriority=\"high\" decoding=\"async\" width=\"724\" height=\"1024\" src=\"https:\/\/orillasnuevas.org\/wp-content\/uploads\/2024\/10\/Afiche-l\u00b4Atelier_page-0001-724x1024.jpg\" alt=\"\" class=\"wp-image-3817\" srcset=\"https:\/\/orillasnuevas.org\/wp-content\/uploads\/2024\/10\/Afiche-l\u00b4Atelier_page-0001-724x1024.jpg 724w, https:\/\/orillasnuevas.org\/wp-content\/uploads\/2024\/10\/Afiche-l\u00b4Atelier_page-0001-212x300.jpg 212w, https:\/\/orillasnuevas.org\/wp-content\/uploads\/2024\/10\/Afiche-l\u00b4Atelier_page-0001-768x1086.jpg 768w, https:\/\/orillasnuevas.org\/wp-content\/uploads\/2024\/10\/Afiche-l\u00b4Atelier_page-0001-1087x1536.jpg 1087w, https:\/\/orillasnuevas.org\/wp-content\/uploads\/2024\/10\/Afiche-l\u00b4Atelier_page-0001-1449x2048.jpg 1449w, https:\/\/orillasnuevas.org\/wp-content\/uploads\/2024\/10\/Afiche-l\u00b4Atelier_page-0001-8x12.jpg 8w, https:\/\/orillasnuevas.org\/wp-content\/uploads\/2024\/10\/Afiche-l\u00b4Atelier_page-0001.jpg 1755w\" sizes=\"(max-width: 724px) 100vw, 724px\" \/><\/figure>\n\n\n\n<p><\/p>","protected":false},"excerpt":{"rendered":"<p>Quer\u00edamos tener una huella de nuestro atelier, que condense todo el proceso colaborativo que realizamos.<\/p>\n<p>Les pedimos al dise\u00f1ador de la imagen de Orillas Nuevas, Mart\u00edn Gorricho, un p\u00f3ster para l\u00b4Atelier. Mart\u00edn realiz\u00f3 una pieza que combina lo federal, lo franc\u00e9s y lo innovador, manteniendo la paleta crom\u00e1tica y la ic\u00f3nica onda que cre\u00f3 con la tipograf\u00eda Don Jos\u00e9 de Cristian Tournier.<\/p>","protected":false},"author":1,"featured_media":0,"comment_status":"open","ping_status":"open","sticky":false,"template":"","format":"standard","meta":{"neve_meta_sidebar":"","neve_meta_container":"","neve_meta_enable_content_width":"","neve_meta_content_width":0,"neve_meta_title_alignment":"","neve_meta_author_avatar":"","neve_post_elements_order":"","neve_meta_disable_header":"","neve_meta_disable_footer":"","neve_meta_disable_title":"","footnotes":""},"categories":[10],"tags":[],"class_list":["post-2294","post","type-post","status-publish","format-standard","hentry","category-bitacora"],"yoast_head":"<!-- This site is optimized with the Yoast SEO plugin v27.4 - https:\/\/yoast.com\/product\/yoast-seo-wordpress\/ -->\n<title>Una imagen dice m\u00e1s que mil palabras - Orillas Nuevas<\/title>\n<meta name=\"robots\" content=\"index, follow, max-snippet:-1, max-image-preview:large, max-video-preview:-1\" \/>\n<link rel=\"canonical\" href=\"https:\/\/orillasnuevas.org\/fr\/bitacora\/una-imagen-dice-mas-que-mil-palabras\/\" \/>\n<meta property=\"og:locale\" content=\"fr_FR\" \/>\n<meta property=\"og:type\" content=\"article\" \/>\n<meta property=\"og:title\" content=\"Una imagen dice m\u00e1s que mil palabras - Orillas Nuevas\" \/>\n<meta property=\"og:description\" content=\"Quer\u00edamos tener una huella de nuestro atelier, que condense todo el proceso colaborativo que realizamos. Les pedimos al dise\u00f1ador de la imagen de Orillas Nuevas, Mart\u00edn Gorricho, un p\u00f3ster para l\u00b4Atelier. Mart\u00edn realiz\u00f3 una pieza que combina lo federal, lo franc\u00e9s y lo innovador, manteniendo la paleta crom\u00e1tica y la ic\u00f3nica onda que cre\u00f3 con la tipograf\u00eda Don Jos\u00e9 de Cristian Tournier.\" \/>\n<meta property=\"og:url\" content=\"https:\/\/orillasnuevas.org\/fr\/bitacora\/una-imagen-dice-mas-que-mil-palabras\/\" \/>\n<meta property=\"og:site_name\" content=\"Orillas Nuevas\" \/>\n<meta property=\"article:published_time\" content=\"2024-11-22T19:00:00+00:00\" \/>\n<meta property=\"article:modified_time\" content=\"2024-11-22T19:55:59+00:00\" \/>\n<meta name=\"author\" content=\"orillasnuevasglosaestudio@gmail.com\" \/>\n<meta name=\"twitter:card\" content=\"summary_large_image\" \/>\n<meta name=\"twitter:label1\" content=\"\u00c9crit par\" \/>\n\t<meta name=\"twitter:data1\" content=\"orillasnuevasglosaestudio@gmail.com\" \/>\n\t<meta name=\"twitter:label2\" content=\"Dur\u00e9e de lecture estim\u00e9e\" \/>\n\t<meta name=\"twitter:data2\" content=\"1 minute\" \/>\n<script type=\"application\/ld+json\" class=\"yoast-schema-graph\">{\"@context\":\"https:\\\/\\\/schema.org\",\"@graph\":[{\"@type\":\"Article\",\"@id\":\"https:\\\/\\\/orillasnuevas.org\\\/bitacora\\\/una-imagen-dice-mas-que-mil-palabras\\\/#article\",\"isPartOf\":{\"@id\":\"https:\\\/\\\/orillasnuevas.org\\\/bitacora\\\/una-imagen-dice-mas-que-mil-palabras\\\/\"},\"author\":{\"name\":\"orillasnuevasglosaestudio@gmail.com\",\"@id\":\"https:\\\/\\\/orillasnuevas.org\\\/fr\\\/#\\\/schema\\\/person\\\/e6d326b6c70c8b379ddbf522a8b90892\"},\"headline\":\"Una imagen dice m\u00e1s que mil palabras\",\"datePublished\":\"2024-11-22T19:00:00+00:00\",\"dateModified\":\"2024-11-22T19:55:59+00:00\",\"mainEntityOfPage\":{\"@id\":\"https:\\\/\\\/orillasnuevas.org\\\/bitacora\\\/una-imagen-dice-mas-que-mil-palabras\\\/\"},\"wordCount\":129,\"commentCount\":0,\"publisher\":{\"@id\":\"https:\\\/\\\/orillasnuevas.org\\\/fr\\\/#organization\"},\"articleSection\":[\"Bit\u00e1cora\"],\"inLanguage\":\"fr-FR\",\"potentialAction\":[{\"@type\":\"CommentAction\",\"name\":\"Comment\",\"target\":[\"https:\\\/\\\/orillasnuevas.org\\\/bitacora\\\/una-imagen-dice-mas-que-mil-palabras\\\/#respond\"]}]},{\"@type\":\"WebPage\",\"@id\":\"https:\\\/\\\/orillasnuevas.org\\\/bitacora\\\/una-imagen-dice-mas-que-mil-palabras\\\/\",\"url\":\"https:\\\/\\\/orillasnuevas.org\\\/bitacora\\\/una-imagen-dice-mas-que-mil-palabras\\\/\",\"name\":\"Una imagen dice m\u00e1s que mil palabras - Orillas Nuevas\",\"isPartOf\":{\"@id\":\"https:\\\/\\\/orillasnuevas.org\\\/fr\\\/#website\"},\"datePublished\":\"2024-11-22T19:00:00+00:00\",\"dateModified\":\"2024-11-22T19:55:59+00:00\",\"breadcrumb\":{\"@id\":\"https:\\\/\\\/orillasnuevas.org\\\/bitacora\\\/una-imagen-dice-mas-que-mil-palabras\\\/#breadcrumb\"},\"inLanguage\":\"fr-FR\",\"potentialAction\":[{\"@type\":\"ReadAction\",\"target\":[\"https:\\\/\\\/orillasnuevas.org\\\/bitacora\\\/una-imagen-dice-mas-que-mil-palabras\\\/\"]}]},{\"@type\":\"BreadcrumbList\",\"@id\":\"https:\\\/\\\/orillasnuevas.org\\\/bitacora\\\/una-imagen-dice-mas-que-mil-palabras\\\/#breadcrumb\",\"itemListElement\":[{\"@type\":\"ListItem\",\"position\":1,\"name\":\"Inicio\",\"item\":\"https:\\\/\\\/orillasnuevas.org\\\/\"},{\"@type\":\"ListItem\",\"position\":2,\"name\":\"Una imagen dice m\u00e1s que mil palabras\"}]},{\"@type\":\"WebSite\",\"@id\":\"https:\\\/\\\/orillasnuevas.org\\\/fr\\\/#website\",\"url\":\"https:\\\/\\\/orillasnuevas.org\\\/fr\\\/\",\"name\":\"Orillas Nuevas\",\"description\":\"Programa de apoyo, financiamiento e internacionalizaci\u00f3n de las industrias culturales y creativas en Argentina organizado por el Institut fran\u00e7ais d\u2019Argentine.\",\"publisher\":{\"@id\":\"https:\\\/\\\/orillasnuevas.org\\\/fr\\\/#organization\"},\"potentialAction\":[{\"@type\":\"SearchAction\",\"target\":{\"@type\":\"EntryPoint\",\"urlTemplate\":\"https:\\\/\\\/orillasnuevas.org\\\/fr\\\/?s={search_term_string}\"},\"query-input\":{\"@type\":\"PropertyValueSpecification\",\"valueRequired\":true,\"valueName\":\"search_term_string\"}}],\"inLanguage\":\"fr-FR\"},{\"@type\":\"Organization\",\"@id\":\"https:\\\/\\\/orillasnuevas.org\\\/fr\\\/#organization\",\"name\":\"Orillas Nuevas\",\"url\":\"https:\\\/\\\/orillasnuevas.org\\\/fr\\\/\",\"logo\":{\"@type\":\"ImageObject\",\"inLanguage\":\"fr-FR\",\"@id\":\"https:\\\/\\\/orillasnuevas.org\\\/fr\\\/#\\\/schema\\\/logo\\\/image\\\/\",\"url\":\"https:\\\/\\\/orillasnuevas.org\\\/wp-content\\\/uploads\\\/2024\\\/09\\\/ON_Portada-FB.jpg\",\"contentUrl\":\"https:\\\/\\\/orillasnuevas.org\\\/wp-content\\\/uploads\\\/2024\\\/09\\\/ON_Portada-FB.jpg\",\"width\":1708,\"height\":750,\"caption\":\"Orillas Nuevas\"},\"image\":{\"@id\":\"https:\\\/\\\/orillasnuevas.org\\\/fr\\\/#\\\/schema\\\/logo\\\/image\\\/\"},\"sameAs\":[\"https:\\\/\\\/www.instagram.com\\\/orillasnuevas\"]},{\"@type\":\"Person\",\"@id\":\"https:\\\/\\\/orillasnuevas.org\\\/fr\\\/#\\\/schema\\\/person\\\/e6d326b6c70c8b379ddbf522a8b90892\",\"name\":\"orillasnuevasglosaestudio@gmail.com\",\"image\":{\"@type\":\"ImageObject\",\"inLanguage\":\"fr-FR\",\"@id\":\"https:\\\/\\\/secure.gravatar.com\\\/avatar\\\/374578686dfa4f3267b5847b5cfe2f24c6eff592537aac399605cd601a787bec?s=96&d=mm&r=g\",\"url\":\"https:\\\/\\\/secure.gravatar.com\\\/avatar\\\/374578686dfa4f3267b5847b5cfe2f24c6eff592537aac399605cd601a787bec?s=96&d=mm&r=g\",\"contentUrl\":\"https:\\\/\\\/secure.gravatar.com\\\/avatar\\\/374578686dfa4f3267b5847b5cfe2f24c6eff592537aac399605cd601a787bec?s=96&d=mm&r=g\",\"caption\":\"orillasnuevasglosaestudio@gmail.com\"},\"sameAs\":[\"http:\\\/\\\/orillasnuevas.org\"],\"url\":\"https:\\\/\\\/orillasnuevas.org\\\/fr\\\/author\\\/orillasnuevasglosaestudiogmail-com\\\/\"}]}<\/script>\n<!-- \/ Yoast SEO plugin. -->","yoast_head_json":{"title":"Una imagen dice m\u00e1s que mil palabras - Orillas Nuevas","robots":{"index":"index","follow":"follow","max-snippet":"max-snippet:-1","max-image-preview":"max-image-preview:large","max-video-preview":"max-video-preview:-1"},"canonical":"https:\/\/orillasnuevas.org\/fr\/bitacora\/una-imagen-dice-mas-que-mil-palabras\/","og_locale":"fr_FR","og_type":"article","og_title":"Una imagen dice m\u00e1s que mil palabras - Orillas Nuevas","og_description":"Quer\u00edamos tener una huella de nuestro atelier, que condense todo el proceso colaborativo que realizamos. Les pedimos al dise\u00f1ador de la imagen de Orillas Nuevas, Mart\u00edn Gorricho, un p\u00f3ster para l\u00b4Atelier. Mart\u00edn realiz\u00f3 una pieza que combina lo federal, lo franc\u00e9s y lo innovador, manteniendo la paleta crom\u00e1tica y la ic\u00f3nica onda que cre\u00f3 con la tipograf\u00eda Don Jos\u00e9 de Cristian Tournier.","og_url":"https:\/\/orillasnuevas.org\/fr\/bitacora\/una-imagen-dice-mas-que-mil-palabras\/","og_site_name":"Orillas Nuevas","article_published_time":"2024-11-22T19:00:00+00:00","article_modified_time":"2024-11-22T19:55:59+00:00","author":"orillasnuevasglosaestudio@gmail.com","twitter_card":"summary_large_image","twitter_misc":{"\u00c9crit par":"orillasnuevasglosaestudio@gmail.com","Dur\u00e9e de lecture estim\u00e9e":"1 minute"},"schema":{"@context":"https:\/\/schema.org","@graph":[{"@type":"Article","@id":"https:\/\/orillasnuevas.org\/bitacora\/una-imagen-dice-mas-que-mil-palabras\/#article","isPartOf":{"@id":"https:\/\/orillasnuevas.org\/bitacora\/una-imagen-dice-mas-que-mil-palabras\/"},"author":{"name":"orillasnuevasglosaestudio@gmail.com","@id":"https:\/\/orillasnuevas.org\/fr\/#\/schema\/person\/e6d326b6c70c8b379ddbf522a8b90892"},"headline":"Una imagen dice m\u00e1s que mil palabras","datePublished":"2024-11-22T19:00:00+00:00","dateModified":"2024-11-22T19:55:59+00:00","mainEntityOfPage":{"@id":"https:\/\/orillasnuevas.org\/bitacora\/una-imagen-dice-mas-que-mil-palabras\/"},"wordCount":129,"commentCount":0,"publisher":{"@id":"https:\/\/orillasnuevas.org\/fr\/#organization"},"articleSection":["Bit\u00e1cora"],"inLanguage":"fr-FR","potentialAction":[{"@type":"CommentAction","name":"Comment","target":["https:\/\/orillasnuevas.org\/bitacora\/una-imagen-dice-mas-que-mil-palabras\/#respond"]}]},{"@type":"WebPage","@id":"https:\/\/orillasnuevas.org\/bitacora\/una-imagen-dice-mas-que-mil-palabras\/","url":"https:\/\/orillasnuevas.org\/bitacora\/una-imagen-dice-mas-que-mil-palabras\/","name":"Una imagen dice m\u00e1s que mil palabras - Orillas Nuevas","isPartOf":{"@id":"https:\/\/orillasnuevas.org\/fr\/#website"},"datePublished":"2024-11-22T19:00:00+00:00","dateModified":"2024-11-22T19:55:59+00:00","breadcrumb":{"@id":"https:\/\/orillasnuevas.org\/bitacora\/una-imagen-dice-mas-que-mil-palabras\/#breadcrumb"},"inLanguage":"fr-FR","potentialAction":[{"@type":"ReadAction","target":["https:\/\/orillasnuevas.org\/bitacora\/una-imagen-dice-mas-que-mil-palabras\/"]}]},{"@type":"BreadcrumbList","@id":"https:\/\/orillasnuevas.org\/bitacora\/una-imagen-dice-mas-que-mil-palabras\/#breadcrumb","itemListElement":[{"@type":"ListItem","position":1,"name":"Inicio","item":"https:\/\/orillasnuevas.org\/"},{"@type":"ListItem","position":2,"name":"Una imagen dice m\u00e1s que mil palabras"}]},{"@type":"WebSite","@id":"https:\/\/orillasnuevas.org\/fr\/#website","url":"https:\/\/orillasnuevas.org\/fr\/","name":"Orillas Nuevas","description":"Programa de apoyo, financiamiento e internacionalizaci\u00f3n de las industrias culturales y creativas en Argentina organizado por el Institut fran\u00e7ais d\u2019Argentine.","publisher":{"@id":"https:\/\/orillasnuevas.org\/fr\/#organization"},"potentialAction":[{"@type":"SearchAction","target":{"@type":"EntryPoint","urlTemplate":"https:\/\/orillasnuevas.org\/fr\/?s={search_term_string}"},"query-input":{"@type":"PropertyValueSpecification","valueRequired":true,"valueName":"search_term_string"}}],"inLanguage":"fr-FR"},{"@type":"Organization","@id":"https:\/\/orillasnuevas.org\/fr\/#organization","name":"Orillas Nuevas","url":"https:\/\/orillasnuevas.org\/fr\/","logo":{"@type":"ImageObject","inLanguage":"fr-FR","@id":"https:\/\/orillasnuevas.org\/fr\/#\/schema\/logo\/image\/","url":"https:\/\/orillasnuevas.org\/wp-content\/uploads\/2024\/09\/ON_Portada-FB.jpg","contentUrl":"https:\/\/orillasnuevas.org\/wp-content\/uploads\/2024\/09\/ON_Portada-FB.jpg","width":1708,"height":750,"caption":"Orillas Nuevas"},"image":{"@id":"https:\/\/orillasnuevas.org\/fr\/#\/schema\/logo\/image\/"},"sameAs":["https:\/\/www.instagram.com\/orillasnuevas"]},{"@type":"Person","@id":"https:\/\/orillasnuevas.org\/fr\/#\/schema\/person\/e6d326b6c70c8b379ddbf522a8b90892","name":"orillasnuevasglosaestudio@gmail.com","image":{"@type":"ImageObject","inLanguage":"fr-FR","@id":"https:\/\/secure.gravatar.com\/avatar\/374578686dfa4f3267b5847b5cfe2f24c6eff592537aac399605cd601a787bec?s=96&d=mm&r=g","url":"https:\/\/secure.gravatar.com\/avatar\/374578686dfa4f3267b5847b5cfe2f24c6eff592537aac399605cd601a787bec?s=96&d=mm&r=g","contentUrl":"https:\/\/secure.gravatar.com\/avatar\/374578686dfa4f3267b5847b5cfe2f24c6eff592537aac399605cd601a787bec?s=96&d=mm&r=g","caption":"orillasnuevasglosaestudio@gmail.com"},"sameAs":["http:\/\/orillasnuevas.org"],"url":"https:\/\/orillasnuevas.org\/fr\/author\/orillasnuevasglosaestudiogmail-com\/"}]}},"_links":{"self":[{"href":"https:\/\/orillasnuevas.org\/fr\/wp-json\/wp\/v2\/posts\/2294","targetHints":{"allow":["GET"]}}],"collection":[{"href":"https:\/\/orillasnuevas.org\/fr\/wp-json\/wp\/v2\/posts"}],"about":[{"href":"https:\/\/orillasnuevas.org\/fr\/wp-json\/wp\/v2\/types\/post"}],"author":[{"embeddable":true,"href":"https:\/\/orillasnuevas.org\/fr\/wp-json\/wp\/v2\/users\/1"}],"replies":[{"embeddable":true,"href":"https:\/\/orillasnuevas.org\/fr\/wp-json\/wp\/v2\/comments?post=2294"}],"version-history":[{"count":16,"href":"https:\/\/orillasnuevas.org\/fr\/wp-json\/wp\/v2\/posts\/2294\/revisions"}],"predecessor-version":[{"id":3842,"href":"https:\/\/orillasnuevas.org\/fr\/wp-json\/wp\/v2\/posts\/2294\/revisions\/3842"}],"wp:attachment":[{"href":"https:\/\/orillasnuevas.org\/fr\/wp-json\/wp\/v2\/media?parent=2294"}],"wp:term":[{"taxonomy":"category","embeddable":true,"href":"https:\/\/orillasnuevas.org\/fr\/wp-json\/wp\/v2\/categories?post=2294"},{"taxonomy":"post_tag","embeddable":true,"href":"https:\/\/orillasnuevas.org\/fr\/wp-json\/wp\/v2\/tags?post=2294"}],"curies":[{"name":"wp","href":"https:\/\/api.w.org\/{rel}","templated":true}]}}