{"id":3717,"date":"2024-11-22T14:00:00","date_gmt":"2024-11-22T17:00:00","guid":{"rendered":"https:\/\/orillasnuevas.org\/?p=3717"},"modified":"2025-02-12T21:04:32","modified_gmt":"2025-02-13T00:04:32","slug":"les-damos-la-bienvenida-a-latelier","status":"publish","type":"post","link":"https:\/\/orillasnuevas.org\/fr\/bitacora\/les-damos-la-bienvenida-a-latelier\/","title":{"rendered":"Les damos la bienvenida a l\u00b4Atelier"},"content":{"rendered":"<p>Cuando pensamos el programa de expansi\u00f3n de proyectos <strong>Orillas Nuevas<\/strong> ~ <strong>Nouveaux Rivages<\/strong> incluimos una semana intensiva de formaci\u00f3n en la Ciudad de Buenos Aires. La denominamos l\u00b4Atelier porque resume nuestro esp\u00edritu.<\/p>\n\n\n\n<p>L&#8217;Atelier en franc\u00e9s significa <strong>el taller<\/strong>, un espacio dedicado a la creaci\u00f3n. Podr\u00edamos declinar esta palabra seg\u00fan las disciplinas y pr\u00e1cticas que re\u00fane Orillas Nuevas: estudio, agencia, sala de ensayo, productora&#8230; Es el espacio que concentra la pr\u00e1ctica de creaci\u00f3n, el hacer, el gesto, el coraz\u00f3n donde se trama el quehacer art\u00edstico. Es el piso, las m\u00e1quinas, las herramientas, los instrumentos, los materiales, y las computadoras, las cocinas, y los encuentros&#8230; Es un lugar de soledad y tambi\u00e9n de reuni\u00f3n.<\/p>\n\n\n\n<p>\u00a1Gracias a todos los equipos por embarcarse en esta aventura!<\/p>","protected":false},"excerpt":{"rendered":"<p>Cuando pensamos el programa de expansi\u00f3n de proyectos Orillas Nuevas ~ Nouveaux Rivages incluimos una semana intensiva de formaci\u00f3n en la Ciudad de Buenos Aires. La denominamos l\u00b4Atelier porque resume nuestro esp\u00edritu.<\/p>","protected":false},"author":1,"featured_media":3797,"comment_status":"open","ping_status":"open","sticky":false,"template":"","format":"standard","meta":{"neve_meta_sidebar":"","neve_meta_container":"","neve_meta_enable_content_width":"","neve_meta_content_width":0,"neve_meta_title_alignment":"","neve_meta_author_avatar":"","neve_post_elements_order":"","neve_meta_disable_header":"","neve_meta_disable_footer":"","neve_meta_disable_title":"","footnotes":""},"categories":[10],"tags":[],"class_list":["post-3717","post","type-post","status-publish","format-standard","has-post-thumbnail","hentry","category-bitacora"],"yoast_head":"<!-- This site is optimized with the Yoast SEO plugin v27.4 - https:\/\/yoast.com\/product\/yoast-seo-wordpress\/ -->\n<title>Les damos la bienvenida a l\u00b4Atelier - Orillas Nuevas<\/title>\n<meta name=\"robots\" content=\"index, follow, max-snippet:-1, max-image-preview:large, max-video-preview:-1\" \/>\n<link rel=\"canonical\" href=\"https:\/\/orillasnuevas.org\/fr\/bitacora\/les-damos-la-bienvenida-a-latelier\/\" \/>\n<meta property=\"og:locale\" content=\"fr_FR\" \/>\n<meta property=\"og:type\" content=\"article\" \/>\n<meta property=\"og:title\" content=\"Les damos la bienvenida a l\u00b4Atelier - Orillas Nuevas\" \/>\n<meta property=\"og:description\" content=\"Cuando pensamos el programa de expansi\u00f3n de proyectos Orillas Nuevas ~ Nouveaux Rivages incluimos una semana intensiva de formaci\u00f3n en la Ciudad de Buenos Aires. La denominamos l\u00b4Atelier porque resume nuestro esp\u00edritu.\" \/>\n<meta property=\"og:url\" content=\"https:\/\/orillasnuevas.org\/fr\/bitacora\/les-damos-la-bienvenida-a-latelier\/\" \/>\n<meta property=\"og:site_name\" content=\"Orillas Nuevas\" \/>\n<meta property=\"article:published_time\" content=\"2024-11-22T17:00:00+00:00\" \/>\n<meta property=\"article:modified_time\" content=\"2025-02-13T00:04:32+00:00\" \/>\n<meta property=\"og:image\" content=\"https:\/\/orillasnuevas.org\/wp-content\/uploads\/2024\/11\/Diseno-sin-titulo-4.png\" \/>\n\t<meta property=\"og:image:width\" content=\"1000\" \/>\n\t<meta property=\"og:image:height\" content=\"600\" \/>\n\t<meta property=\"og:image:type\" content=\"image\/png\" \/>\n<meta name=\"author\" content=\"orillasnuevasglosaestudio@gmail.com\" \/>\n<meta name=\"twitter:card\" content=\"summary_large_image\" \/>\n<meta name=\"twitter:label1\" content=\"\u00c9crit par\" \/>\n\t<meta name=\"twitter:data1\" content=\"orillasnuevasglosaestudio@gmail.com\" \/>\n\t<meta name=\"twitter:label2\" content=\"Dur\u00e9e de lecture estim\u00e9e\" \/>\n\t<meta name=\"twitter:data2\" content=\"1 minute\" \/>\n<script type=\"application\/ld+json\" class=\"yoast-schema-graph\">{\"@context\":\"https:\\\/\\\/schema.org\",\"@graph\":[{\"@type\":\"Article\",\"@id\":\"https:\\\/\\\/orillasnuevas.org\\\/bitacora\\\/les-damos-la-bienvenida-a-latelier\\\/#article\",\"isPartOf\":{\"@id\":\"https:\\\/\\\/orillasnuevas.org\\\/bitacora\\\/les-damos-la-bienvenida-a-latelier\\\/\"},\"author\":{\"name\":\"orillasnuevasglosaestudio@gmail.com\",\"@id\":\"https:\\\/\\\/orillasnuevas.org\\\/fr\\\/#\\\/schema\\\/person\\\/e6d326b6c70c8b379ddbf522a8b90892\"},\"headline\":\"Les damos la bienvenida a l\u00b4Atelier\",\"datePublished\":\"2024-11-22T17:00:00+00:00\",\"dateModified\":\"2025-02-13T00:04:32+00:00\",\"mainEntityOfPage\":{\"@id\":\"https:\\\/\\\/orillasnuevas.org\\\/bitacora\\\/les-damos-la-bienvenida-a-latelier\\\/\"},\"wordCount\":146,\"commentCount\":0,\"publisher\":{\"@id\":\"https:\\\/\\\/orillasnuevas.org\\\/fr\\\/#organization\"},\"image\":{\"@id\":\"https:\\\/\\\/orillasnuevas.org\\\/bitacora\\\/les-damos-la-bienvenida-a-latelier\\\/#primaryimage\"},\"thumbnailUrl\":\"https:\\\/\\\/orillasnuevas.org\\\/wp-content\\\/uploads\\\/2024\\\/11\\\/Diseno-sin-titulo-4.png\",\"articleSection\":[\"Bit\u00e1cora\"],\"inLanguage\":\"fr-FR\",\"potentialAction\":[{\"@type\":\"CommentAction\",\"name\":\"Comment\",\"target\":[\"https:\\\/\\\/orillasnuevas.org\\\/bitacora\\\/les-damos-la-bienvenida-a-latelier\\\/#respond\"]}]},{\"@type\":\"WebPage\",\"@id\":\"https:\\\/\\\/orillasnuevas.org\\\/bitacora\\\/les-damos-la-bienvenida-a-latelier\\\/\",\"url\":\"https:\\\/\\\/orillasnuevas.org\\\/bitacora\\\/les-damos-la-bienvenida-a-latelier\\\/\",\"name\":\"Les damos la bienvenida a l\u00b4Atelier - Orillas Nuevas\",\"isPartOf\":{\"@id\":\"https:\\\/\\\/orillasnuevas.org\\\/fr\\\/#website\"},\"primaryImageOfPage\":{\"@id\":\"https:\\\/\\\/orillasnuevas.org\\\/bitacora\\\/les-damos-la-bienvenida-a-latelier\\\/#primaryimage\"},\"image\":{\"@id\":\"https:\\\/\\\/orillasnuevas.org\\\/bitacora\\\/les-damos-la-bienvenida-a-latelier\\\/#primaryimage\"},\"thumbnailUrl\":\"https:\\\/\\\/orillasnuevas.org\\\/wp-content\\\/uploads\\\/2024\\\/11\\\/Diseno-sin-titulo-4.png\",\"datePublished\":\"2024-11-22T17:00:00+00:00\",\"dateModified\":\"2025-02-13T00:04:32+00:00\",\"breadcrumb\":{\"@id\":\"https:\\\/\\\/orillasnuevas.org\\\/bitacora\\\/les-damos-la-bienvenida-a-latelier\\\/#breadcrumb\"},\"inLanguage\":\"fr-FR\",\"potentialAction\":[{\"@type\":\"ReadAction\",\"target\":[\"https:\\\/\\\/orillasnuevas.org\\\/bitacora\\\/les-damos-la-bienvenida-a-latelier\\\/\"]}]},{\"@type\":\"ImageObject\",\"inLanguage\":\"fr-FR\",\"@id\":\"https:\\\/\\\/orillasnuevas.org\\\/bitacora\\\/les-damos-la-bienvenida-a-latelier\\\/#primaryimage\",\"url\":\"https:\\\/\\\/orillasnuevas.org\\\/wp-content\\\/uploads\\\/2024\\\/11\\\/Diseno-sin-titulo-4.png\",\"contentUrl\":\"https:\\\/\\\/orillasnuevas.org\\\/wp-content\\\/uploads\\\/2024\\\/11\\\/Diseno-sin-titulo-4.png\",\"width\":1000,\"height\":600},{\"@type\":\"BreadcrumbList\",\"@id\":\"https:\\\/\\\/orillasnuevas.org\\\/bitacora\\\/les-damos-la-bienvenida-a-latelier\\\/#breadcrumb\",\"itemListElement\":[{\"@type\":\"ListItem\",\"position\":1,\"name\":\"Inicio\",\"item\":\"https:\\\/\\\/orillasnuevas.org\\\/\"},{\"@type\":\"ListItem\",\"position\":2,\"name\":\"Les damos la bienvenida a l\u00b4Atelier\"}]},{\"@type\":\"WebSite\",\"@id\":\"https:\\\/\\\/orillasnuevas.org\\\/fr\\\/#website\",\"url\":\"https:\\\/\\\/orillasnuevas.org\\\/fr\\\/\",\"name\":\"Orillas Nuevas\",\"description\":\"Programa de apoyo, financiamiento e internacionalizaci\u00f3n de las industrias culturales y creativas en Argentina organizado por el Institut fran\u00e7ais d\u2019Argentine.\",\"publisher\":{\"@id\":\"https:\\\/\\\/orillasnuevas.org\\\/fr\\\/#organization\"},\"potentialAction\":[{\"@type\":\"SearchAction\",\"target\":{\"@type\":\"EntryPoint\",\"urlTemplate\":\"https:\\\/\\\/orillasnuevas.org\\\/fr\\\/?s={search_term_string}\"},\"query-input\":{\"@type\":\"PropertyValueSpecification\",\"valueRequired\":true,\"valueName\":\"search_term_string\"}}],\"inLanguage\":\"fr-FR\"},{\"@type\":\"Organization\",\"@id\":\"https:\\\/\\\/orillasnuevas.org\\\/fr\\\/#organization\",\"name\":\"Orillas Nuevas\",\"url\":\"https:\\\/\\\/orillasnuevas.org\\\/fr\\\/\",\"logo\":{\"@type\":\"ImageObject\",\"inLanguage\":\"fr-FR\",\"@id\":\"https:\\\/\\\/orillasnuevas.org\\\/fr\\\/#\\\/schema\\\/logo\\\/image\\\/\",\"url\":\"https:\\\/\\\/orillasnuevas.org\\\/wp-content\\\/uploads\\\/2024\\\/09\\\/ON_Portada-FB.jpg\",\"contentUrl\":\"https:\\\/\\\/orillasnuevas.org\\\/wp-content\\\/uploads\\\/2024\\\/09\\\/ON_Portada-FB.jpg\",\"width\":1708,\"height\":750,\"caption\":\"Orillas Nuevas\"},\"image\":{\"@id\":\"https:\\\/\\\/orillasnuevas.org\\\/fr\\\/#\\\/schema\\\/logo\\\/image\\\/\"},\"sameAs\":[\"https:\\\/\\\/www.instagram.com\\\/orillasnuevas\"]},{\"@type\":\"Person\",\"@id\":\"https:\\\/\\\/orillasnuevas.org\\\/fr\\\/#\\\/schema\\\/person\\\/e6d326b6c70c8b379ddbf522a8b90892\",\"name\":\"orillasnuevasglosaestudio@gmail.com\",\"image\":{\"@type\":\"ImageObject\",\"inLanguage\":\"fr-FR\",\"@id\":\"https:\\\/\\\/secure.gravatar.com\\\/avatar\\\/374578686dfa4f3267b5847b5cfe2f24c6eff592537aac399605cd601a787bec?s=96&d=mm&r=g\",\"url\":\"https:\\\/\\\/secure.gravatar.com\\\/avatar\\\/374578686dfa4f3267b5847b5cfe2f24c6eff592537aac399605cd601a787bec?s=96&d=mm&r=g\",\"contentUrl\":\"https:\\\/\\\/secure.gravatar.com\\\/avatar\\\/374578686dfa4f3267b5847b5cfe2f24c6eff592537aac399605cd601a787bec?s=96&d=mm&r=g\",\"caption\":\"orillasnuevasglosaestudio@gmail.com\"},\"sameAs\":[\"http:\\\/\\\/orillasnuevas.org\"],\"url\":\"https:\\\/\\\/orillasnuevas.org\\\/fr\\\/author\\\/orillasnuevasglosaestudiogmail-com\\\/\"}]}<\/script>\n<!-- \/ Yoast SEO plugin. -->","yoast_head_json":{"title":"Les damos la bienvenida a l\u00b4Atelier - Orillas Nuevas","robots":{"index":"index","follow":"follow","max-snippet":"max-snippet:-1","max-image-preview":"max-image-preview:large","max-video-preview":"max-video-preview:-1"},"canonical":"https:\/\/orillasnuevas.org\/fr\/bitacora\/les-damos-la-bienvenida-a-latelier\/","og_locale":"fr_FR","og_type":"article","og_title":"Les damos la bienvenida a l\u00b4Atelier - Orillas Nuevas","og_description":"Cuando pensamos el programa de expansi\u00f3n de proyectos Orillas Nuevas ~ Nouveaux Rivages incluimos una semana intensiva de formaci\u00f3n en la Ciudad de Buenos Aires. La denominamos l\u00b4Atelier porque resume nuestro esp\u00edritu.","og_url":"https:\/\/orillasnuevas.org\/fr\/bitacora\/les-damos-la-bienvenida-a-latelier\/","og_site_name":"Orillas Nuevas","article_published_time":"2024-11-22T17:00:00+00:00","article_modified_time":"2025-02-13T00:04:32+00:00","og_image":[{"width":1000,"height":600,"url":"https:\/\/orillasnuevas.org\/wp-content\/uploads\/2024\/11\/Diseno-sin-titulo-4.png","type":"image\/png"}],"author":"orillasnuevasglosaestudio@gmail.com","twitter_card":"summary_large_image","twitter_misc":{"\u00c9crit par":"orillasnuevasglosaestudio@gmail.com","Dur\u00e9e de lecture estim\u00e9e":"1 minute"},"schema":{"@context":"https:\/\/schema.org","@graph":[{"@type":"Article","@id":"https:\/\/orillasnuevas.org\/bitacora\/les-damos-la-bienvenida-a-latelier\/#article","isPartOf":{"@id":"https:\/\/orillasnuevas.org\/bitacora\/les-damos-la-bienvenida-a-latelier\/"},"author":{"name":"orillasnuevasglosaestudio@gmail.com","@id":"https:\/\/orillasnuevas.org\/fr\/#\/schema\/person\/e6d326b6c70c8b379ddbf522a8b90892"},"headline":"Les damos la bienvenida a l\u00b4Atelier","datePublished":"2024-11-22T17:00:00+00:00","dateModified":"2025-02-13T00:04:32+00:00","mainEntityOfPage":{"@id":"https:\/\/orillasnuevas.org\/bitacora\/les-damos-la-bienvenida-a-latelier\/"},"wordCount":146,"commentCount":0,"publisher":{"@id":"https:\/\/orillasnuevas.org\/fr\/#organization"},"image":{"@id":"https:\/\/orillasnuevas.org\/bitacora\/les-damos-la-bienvenida-a-latelier\/#primaryimage"},"thumbnailUrl":"https:\/\/orillasnuevas.org\/wp-content\/uploads\/2024\/11\/Diseno-sin-titulo-4.png","articleSection":["Bit\u00e1cora"],"inLanguage":"fr-FR","potentialAction":[{"@type":"CommentAction","name":"Comment","target":["https:\/\/orillasnuevas.org\/bitacora\/les-damos-la-bienvenida-a-latelier\/#respond"]}]},{"@type":"WebPage","@id":"https:\/\/orillasnuevas.org\/bitacora\/les-damos-la-bienvenida-a-latelier\/","url":"https:\/\/orillasnuevas.org\/bitacora\/les-damos-la-bienvenida-a-latelier\/","name":"Les damos la bienvenida a l\u00b4Atelier - Orillas Nuevas","isPartOf":{"@id":"https:\/\/orillasnuevas.org\/fr\/#website"},"primaryImageOfPage":{"@id":"https:\/\/orillasnuevas.org\/bitacora\/les-damos-la-bienvenida-a-latelier\/#primaryimage"},"image":{"@id":"https:\/\/orillasnuevas.org\/bitacora\/les-damos-la-bienvenida-a-latelier\/#primaryimage"},"thumbnailUrl":"https:\/\/orillasnuevas.org\/wp-content\/uploads\/2024\/11\/Diseno-sin-titulo-4.png","datePublished":"2024-11-22T17:00:00+00:00","dateModified":"2025-02-13T00:04:32+00:00","breadcrumb":{"@id":"https:\/\/orillasnuevas.org\/bitacora\/les-damos-la-bienvenida-a-latelier\/#breadcrumb"},"inLanguage":"fr-FR","potentialAction":[{"@type":"ReadAction","target":["https:\/\/orillasnuevas.org\/bitacora\/les-damos-la-bienvenida-a-latelier\/"]}]},{"@type":"ImageObject","inLanguage":"fr-FR","@id":"https:\/\/orillasnuevas.org\/bitacora\/les-damos-la-bienvenida-a-latelier\/#primaryimage","url":"https:\/\/orillasnuevas.org\/wp-content\/uploads\/2024\/11\/Diseno-sin-titulo-4.png","contentUrl":"https:\/\/orillasnuevas.org\/wp-content\/uploads\/2024\/11\/Diseno-sin-titulo-4.png","width":1000,"height":600},{"@type":"BreadcrumbList","@id":"https:\/\/orillasnuevas.org\/bitacora\/les-damos-la-bienvenida-a-latelier\/#breadcrumb","itemListElement":[{"@type":"ListItem","position":1,"name":"Inicio","item":"https:\/\/orillasnuevas.org\/"},{"@type":"ListItem","position":2,"name":"Les damos la bienvenida a l\u00b4Atelier"}]},{"@type":"WebSite","@id":"https:\/\/orillasnuevas.org\/fr\/#website","url":"https:\/\/orillasnuevas.org\/fr\/","name":"Orillas Nuevas","description":"Programa de apoyo, financiamiento e internacionalizaci\u00f3n de las industrias culturales y creativas en Argentina organizado por el Institut fran\u00e7ais d\u2019Argentine.","publisher":{"@id":"https:\/\/orillasnuevas.org\/fr\/#organization"},"potentialAction":[{"@type":"SearchAction","target":{"@type":"EntryPoint","urlTemplate":"https:\/\/orillasnuevas.org\/fr\/?s={search_term_string}"},"query-input":{"@type":"PropertyValueSpecification","valueRequired":true,"valueName":"search_term_string"}}],"inLanguage":"fr-FR"},{"@type":"Organization","@id":"https:\/\/orillasnuevas.org\/fr\/#organization","name":"Orillas Nuevas","url":"https:\/\/orillasnuevas.org\/fr\/","logo":{"@type":"ImageObject","inLanguage":"fr-FR","@id":"https:\/\/orillasnuevas.org\/fr\/#\/schema\/logo\/image\/","url":"https:\/\/orillasnuevas.org\/wp-content\/uploads\/2024\/09\/ON_Portada-FB.jpg","contentUrl":"https:\/\/orillasnuevas.org\/wp-content\/uploads\/2024\/09\/ON_Portada-FB.jpg","width":1708,"height":750,"caption":"Orillas Nuevas"},"image":{"@id":"https:\/\/orillasnuevas.org\/fr\/#\/schema\/logo\/image\/"},"sameAs":["https:\/\/www.instagram.com\/orillasnuevas"]},{"@type":"Person","@id":"https:\/\/orillasnuevas.org\/fr\/#\/schema\/person\/e6d326b6c70c8b379ddbf522a8b90892","name":"orillasnuevasglosaestudio@gmail.com","image":{"@type":"ImageObject","inLanguage":"fr-FR","@id":"https:\/\/secure.gravatar.com\/avatar\/374578686dfa4f3267b5847b5cfe2f24c6eff592537aac399605cd601a787bec?s=96&d=mm&r=g","url":"https:\/\/secure.gravatar.com\/avatar\/374578686dfa4f3267b5847b5cfe2f24c6eff592537aac399605cd601a787bec?s=96&d=mm&r=g","contentUrl":"https:\/\/secure.gravatar.com\/avatar\/374578686dfa4f3267b5847b5cfe2f24c6eff592537aac399605cd601a787bec?s=96&d=mm&r=g","caption":"orillasnuevasglosaestudio@gmail.com"},"sameAs":["http:\/\/orillasnuevas.org"],"url":"https:\/\/orillasnuevas.org\/fr\/author\/orillasnuevasglosaestudiogmail-com\/"}]}},"_links":{"self":[{"href":"https:\/\/orillasnuevas.org\/fr\/wp-json\/wp\/v2\/posts\/3717","targetHints":{"allow":["GET"]}}],"collection":[{"href":"https:\/\/orillasnuevas.org\/fr\/wp-json\/wp\/v2\/posts"}],"about":[{"href":"https:\/\/orillasnuevas.org\/fr\/wp-json\/wp\/v2\/types\/post"}],"author":[{"embeddable":true,"href":"https:\/\/orillasnuevas.org\/fr\/wp-json\/wp\/v2\/users\/1"}],"replies":[{"embeddable":true,"href":"https:\/\/orillasnuevas.org\/fr\/wp-json\/wp\/v2\/comments?post=3717"}],"version-history":[{"count":4,"href":"https:\/\/orillasnuevas.org\/fr\/wp-json\/wp\/v2\/posts\/3717\/revisions"}],"predecessor-version":[{"id":3792,"href":"https:\/\/orillasnuevas.org\/fr\/wp-json\/wp\/v2\/posts\/3717\/revisions\/3792"}],"wp:featuredmedia":[{"embeddable":true,"href":"https:\/\/orillasnuevas.org\/fr\/wp-json\/wp\/v2\/media\/3797"}],"wp:attachment":[{"href":"https:\/\/orillasnuevas.org\/fr\/wp-json\/wp\/v2\/media?parent=3717"}],"wp:term":[{"taxonomy":"category","embeddable":true,"href":"https:\/\/orillasnuevas.org\/fr\/wp-json\/wp\/v2\/categories?post=3717"},{"taxonomy":"post_tag","embeddable":true,"href":"https:\/\/orillasnuevas.org\/fr\/wp-json\/wp\/v2\/tags?post=3717"}],"curies":[{"name":"wp","href":"https:\/\/api.w.org\/{rel}","templated":true}]}}