{"id":3918,"date":"2024-11-28T13:59:58","date_gmt":"2024-11-28T16:59:58","guid":{"rendered":"https:\/\/orillasnuevas.org\/?p=3918"},"modified":"2025-02-12T20:44:52","modified_gmt":"2025-02-12T23:44:52","slug":"una-produccion-estetica-situada-por-alejandra-varela","status":"publish","type":"post","link":"https:\/\/orillasnuevas.org\/fr\/bitacora\/una-produccion-estetica-situada-por-alejandra-varela\/","title":{"rendered":"Una producci\u00f3n est\u00e9tica situada por Alejandra Varela"},"content":{"rendered":"<p>Como si se tratara de un ensayo sobre nuestro tiempo, la estructura que gu\u00eda el desarrollo de l&#8217;atelier de Orillas Nuevas, tiene una gran capacidad reflexiva.<\/p>\n\n\n\n<p>Los dos plenarios de apertura del lunes expusieron una serie de problemas que atraviesan a las producciones est\u00e9ticas actuales y que, a su vez, se articulan con conflictos sociales. Por un lado la preocupaci\u00f3n sobre los modos de relacionarse con las audiencias\u00a0que, en el marco de los proyectos seleccionados, se\u00a0manifiesta en la ejecuci\u00f3n de alternativas enmarcadas en los modos de producci\u00f3n, en formas organizativas grupales que, a veces,\u00a0se incorporan tambi\u00e9n al armado est\u00e9tico. En la producci\u00f3n art\u00edstica nacional, la creatividad surge de la capacidad de generar estrategias frente a las obstrucciones y es desde esta particularidad social que deben leerse los m\u00e9todos de trabajo.\u00a0<\/p>\n\n\n\n<p>Por otro lado, una preocupaci\u00f3n sobre el entorno (el desastre clim\u00e1tico, las desigualdades sociales) que se expresan en el fuerte&nbsp; nivel de inserci\u00f3n de los artistas en su contexto.<\/p>\n\n\n\n<p>Si en nuestro pa\u00eds la cultura participa de la contienda pol\u00edtica, si se escuchan discursos que hablan de su car\u00e1cter prescindible, los artistas responden con una mirada atenta sobre su \u00e9poca que piensa los dispositivos est\u00e9ticos, en gran medida, como intervenciones sociales donde la\u00a0 cualidad est\u00e9tica y la voluntad de analizar cr\u00edticamente una \u00e9poca no tienen l\u00edmites precisos ni buscados. Los artistas son sujetos implicados en\u00a0este tiempo y parecen querer experimentar sobre los recursos que habitan en las pr\u00e1cticas sociales.<\/p>\n\n\n\n<p>Orillas Nuevas toma los procedimientos de las industrias culturales y los resignifica. Las l\u00f3gicas de mercado, las exposiciones donde los artistas venden su trabajo no son desestimadas, lo que sucede es que estos dispositivos se capitalizan para asignarles otros contenidos. Estos desplazamientos marcan una tendencia donde el arte se entiende como una sucesi\u00f3n de acciones, como una matriz que busca dialogar con lo que sucede y no solo transmitir sus obsesiones, como una forma de leer lo social y pensar est\u00e9ticamente a partir de ensayar m\u00e9todos que propicien una relaci\u00f3n sensible para potenciar la idea de comunidad.\u00a0<\/p>","protected":false},"excerpt":{"rendered":"<p>Como si se tratara de un ensayo sobre nuestro tiempo, la estructura que gu\u00eda el desarrollo de l&#8217;atelier de Orillas Nuevas, tiene una gran capacidad reflexiva.<\/p>","protected":false},"author":1,"featured_media":0,"comment_status":"open","ping_status":"open","sticky":false,"template":"","format":"standard","meta":{"neve_meta_sidebar":"","neve_meta_container":"","neve_meta_enable_content_width":"","neve_meta_content_width":0,"neve_meta_title_alignment":"","neve_meta_author_avatar":"","neve_post_elements_order":"","neve_meta_disable_header":"","neve_meta_disable_footer":"","neve_meta_disable_title":"","footnotes":""},"categories":[10],"tags":[],"class_list":["post-3918","post","type-post","status-publish","format-standard","hentry","category-bitacora"],"yoast_head":"<!-- This site is optimized with the Yoast SEO plugin v27.4 - https:\/\/yoast.com\/product\/yoast-seo-wordpress\/ -->\n<title>Una producci\u00f3n est\u00e9tica situada por Alejandra Varela - Orillas Nuevas<\/title>\n<meta name=\"robots\" content=\"index, follow, max-snippet:-1, max-image-preview:large, max-video-preview:-1\" \/>\n<link rel=\"canonical\" href=\"https:\/\/orillasnuevas.org\/fr\/bitacora\/una-produccion-estetica-situada-por-alejandra-varela\/\" \/>\n<meta property=\"og:locale\" content=\"fr_FR\" \/>\n<meta property=\"og:type\" content=\"article\" \/>\n<meta property=\"og:title\" content=\"Una producci\u00f3n est\u00e9tica situada por Alejandra Varela - Orillas Nuevas\" \/>\n<meta property=\"og:description\" content=\"Como si se tratara de un ensayo sobre nuestro tiempo, la estructura que gu\u00eda el desarrollo de l&#039;atelier de Orillas Nuevas, tiene una gran capacidad reflexiva.\" \/>\n<meta property=\"og:url\" content=\"https:\/\/orillasnuevas.org\/fr\/bitacora\/una-produccion-estetica-situada-por-alejandra-varela\/\" \/>\n<meta property=\"og:site_name\" content=\"Orillas Nuevas\" \/>\n<meta property=\"article:published_time\" content=\"2024-11-28T16:59:58+00:00\" \/>\n<meta property=\"article:modified_time\" content=\"2025-02-12T23:44:52+00:00\" \/>\n<meta name=\"author\" content=\"orillasnuevasglosaestudio@gmail.com\" \/>\n<meta name=\"twitter:card\" content=\"summary_large_image\" \/>\n<meta name=\"twitter:label1\" content=\"\u00c9crit par\" \/>\n\t<meta name=\"twitter:data1\" content=\"orillasnuevasglosaestudio@gmail.com\" \/>\n\t<meta name=\"twitter:label2\" content=\"Dur\u00e9e de lecture estim\u00e9e\" \/>\n\t<meta name=\"twitter:data2\" content=\"2 minutes\" \/>\n<script type=\"application\/ld+json\" class=\"yoast-schema-graph\">{\"@context\":\"https:\\\/\\\/schema.org\",\"@graph\":[{\"@type\":\"Article\",\"@id\":\"https:\\\/\\\/orillasnuevas.org\\\/bitacora\\\/una-produccion-estetica-situada-por-alejandra-varela\\\/#article\",\"isPartOf\":{\"@id\":\"https:\\\/\\\/orillasnuevas.org\\\/bitacora\\\/una-produccion-estetica-situada-por-alejandra-varela\\\/\"},\"author\":{\"name\":\"orillasnuevasglosaestudio@gmail.com\",\"@id\":\"https:\\\/\\\/orillasnuevas.org\\\/fr\\\/#\\\/schema\\\/person\\\/e6d326b6c70c8b379ddbf522a8b90892\"},\"headline\":\"Una producci\u00f3n est\u00e9tica situada por Alejandra Varela\",\"datePublished\":\"2024-11-28T16:59:58+00:00\",\"dateModified\":\"2025-02-12T23:44:52+00:00\",\"mainEntityOfPage\":{\"@id\":\"https:\\\/\\\/orillasnuevas.org\\\/bitacora\\\/una-produccion-estetica-situada-por-alejandra-varela\\\/\"},\"wordCount\":377,\"commentCount\":0,\"publisher\":{\"@id\":\"https:\\\/\\\/orillasnuevas.org\\\/fr\\\/#organization\"},\"articleSection\":[\"Bit\u00e1cora\"],\"inLanguage\":\"fr-FR\",\"potentialAction\":[{\"@type\":\"CommentAction\",\"name\":\"Comment\",\"target\":[\"https:\\\/\\\/orillasnuevas.org\\\/bitacora\\\/una-produccion-estetica-situada-por-alejandra-varela\\\/#respond\"]}]},{\"@type\":\"WebPage\",\"@id\":\"https:\\\/\\\/orillasnuevas.org\\\/bitacora\\\/una-produccion-estetica-situada-por-alejandra-varela\\\/\",\"url\":\"https:\\\/\\\/orillasnuevas.org\\\/bitacora\\\/una-produccion-estetica-situada-por-alejandra-varela\\\/\",\"name\":\"Una producci\u00f3n est\u00e9tica situada por Alejandra Varela - Orillas Nuevas\",\"isPartOf\":{\"@id\":\"https:\\\/\\\/orillasnuevas.org\\\/fr\\\/#website\"},\"datePublished\":\"2024-11-28T16:59:58+00:00\",\"dateModified\":\"2025-02-12T23:44:52+00:00\",\"breadcrumb\":{\"@id\":\"https:\\\/\\\/orillasnuevas.org\\\/bitacora\\\/una-produccion-estetica-situada-por-alejandra-varela\\\/#breadcrumb\"},\"inLanguage\":\"fr-FR\",\"potentialAction\":[{\"@type\":\"ReadAction\",\"target\":[\"https:\\\/\\\/orillasnuevas.org\\\/bitacora\\\/una-produccion-estetica-situada-por-alejandra-varela\\\/\"]}]},{\"@type\":\"BreadcrumbList\",\"@id\":\"https:\\\/\\\/orillasnuevas.org\\\/bitacora\\\/una-produccion-estetica-situada-por-alejandra-varela\\\/#breadcrumb\",\"itemListElement\":[{\"@type\":\"ListItem\",\"position\":1,\"name\":\"Inicio\",\"item\":\"https:\\\/\\\/orillasnuevas.org\\\/\"},{\"@type\":\"ListItem\",\"position\":2,\"name\":\"Una producci\u00f3n est\u00e9tica situada por Alejandra Varela\"}]},{\"@type\":\"WebSite\",\"@id\":\"https:\\\/\\\/orillasnuevas.org\\\/fr\\\/#website\",\"url\":\"https:\\\/\\\/orillasnuevas.org\\\/fr\\\/\",\"name\":\"Orillas Nuevas\",\"description\":\"Programa de apoyo, financiamiento e internacionalizaci\u00f3n de las industrias culturales y creativas en Argentina organizado por el Institut fran\u00e7ais d\u2019Argentine.\",\"publisher\":{\"@id\":\"https:\\\/\\\/orillasnuevas.org\\\/fr\\\/#organization\"},\"potentialAction\":[{\"@type\":\"SearchAction\",\"target\":{\"@type\":\"EntryPoint\",\"urlTemplate\":\"https:\\\/\\\/orillasnuevas.org\\\/fr\\\/?s={search_term_string}\"},\"query-input\":{\"@type\":\"PropertyValueSpecification\",\"valueRequired\":true,\"valueName\":\"search_term_string\"}}],\"inLanguage\":\"fr-FR\"},{\"@type\":\"Organization\",\"@id\":\"https:\\\/\\\/orillasnuevas.org\\\/fr\\\/#organization\",\"name\":\"Orillas Nuevas\",\"url\":\"https:\\\/\\\/orillasnuevas.org\\\/fr\\\/\",\"logo\":{\"@type\":\"ImageObject\",\"inLanguage\":\"fr-FR\",\"@id\":\"https:\\\/\\\/orillasnuevas.org\\\/fr\\\/#\\\/schema\\\/logo\\\/image\\\/\",\"url\":\"https:\\\/\\\/orillasnuevas.org\\\/wp-content\\\/uploads\\\/2024\\\/09\\\/ON_Portada-FB.jpg\",\"contentUrl\":\"https:\\\/\\\/orillasnuevas.org\\\/wp-content\\\/uploads\\\/2024\\\/09\\\/ON_Portada-FB.jpg\",\"width\":1708,\"height\":750,\"caption\":\"Orillas Nuevas\"},\"image\":{\"@id\":\"https:\\\/\\\/orillasnuevas.org\\\/fr\\\/#\\\/schema\\\/logo\\\/image\\\/\"},\"sameAs\":[\"https:\\\/\\\/www.instagram.com\\\/orillasnuevas\"]},{\"@type\":\"Person\",\"@id\":\"https:\\\/\\\/orillasnuevas.org\\\/fr\\\/#\\\/schema\\\/person\\\/e6d326b6c70c8b379ddbf522a8b90892\",\"name\":\"orillasnuevasglosaestudio@gmail.com\",\"image\":{\"@type\":\"ImageObject\",\"inLanguage\":\"fr-FR\",\"@id\":\"https:\\\/\\\/secure.gravatar.com\\\/avatar\\\/374578686dfa4f3267b5847b5cfe2f24c6eff592537aac399605cd601a787bec?s=96&d=mm&r=g\",\"url\":\"https:\\\/\\\/secure.gravatar.com\\\/avatar\\\/374578686dfa4f3267b5847b5cfe2f24c6eff592537aac399605cd601a787bec?s=96&d=mm&r=g\",\"contentUrl\":\"https:\\\/\\\/secure.gravatar.com\\\/avatar\\\/374578686dfa4f3267b5847b5cfe2f24c6eff592537aac399605cd601a787bec?s=96&d=mm&r=g\",\"caption\":\"orillasnuevasglosaestudio@gmail.com\"},\"sameAs\":[\"http:\\\/\\\/orillasnuevas.org\"],\"url\":\"https:\\\/\\\/orillasnuevas.org\\\/fr\\\/author\\\/orillasnuevasglosaestudiogmail-com\\\/\"}]}<\/script>\n<!-- \/ Yoast SEO plugin. -->","yoast_head_json":{"title":"Una producci\u00f3n est\u00e9tica situada por Alejandra Varela - Orillas Nuevas","robots":{"index":"index","follow":"follow","max-snippet":"max-snippet:-1","max-image-preview":"max-image-preview:large","max-video-preview":"max-video-preview:-1"},"canonical":"https:\/\/orillasnuevas.org\/fr\/bitacora\/una-produccion-estetica-situada-por-alejandra-varela\/","og_locale":"fr_FR","og_type":"article","og_title":"Una producci\u00f3n est\u00e9tica situada por Alejandra Varela - Orillas Nuevas","og_description":"Como si se tratara de un ensayo sobre nuestro tiempo, la estructura que gu\u00eda el desarrollo de l'atelier de Orillas Nuevas, tiene una gran capacidad reflexiva.","og_url":"https:\/\/orillasnuevas.org\/fr\/bitacora\/una-produccion-estetica-situada-por-alejandra-varela\/","og_site_name":"Orillas Nuevas","article_published_time":"2024-11-28T16:59:58+00:00","article_modified_time":"2025-02-12T23:44:52+00:00","author":"orillasnuevasglosaestudio@gmail.com","twitter_card":"summary_large_image","twitter_misc":{"\u00c9crit par":"orillasnuevasglosaestudio@gmail.com","Dur\u00e9e de lecture estim\u00e9e":"2 minutes"},"schema":{"@context":"https:\/\/schema.org","@graph":[{"@type":"Article","@id":"https:\/\/orillasnuevas.org\/bitacora\/una-produccion-estetica-situada-por-alejandra-varela\/#article","isPartOf":{"@id":"https:\/\/orillasnuevas.org\/bitacora\/una-produccion-estetica-situada-por-alejandra-varela\/"},"author":{"name":"orillasnuevasglosaestudio@gmail.com","@id":"https:\/\/orillasnuevas.org\/fr\/#\/schema\/person\/e6d326b6c70c8b379ddbf522a8b90892"},"headline":"Una producci\u00f3n est\u00e9tica situada por Alejandra Varela","datePublished":"2024-11-28T16:59:58+00:00","dateModified":"2025-02-12T23:44:52+00:00","mainEntityOfPage":{"@id":"https:\/\/orillasnuevas.org\/bitacora\/una-produccion-estetica-situada-por-alejandra-varela\/"},"wordCount":377,"commentCount":0,"publisher":{"@id":"https:\/\/orillasnuevas.org\/fr\/#organization"},"articleSection":["Bit\u00e1cora"],"inLanguage":"fr-FR","potentialAction":[{"@type":"CommentAction","name":"Comment","target":["https:\/\/orillasnuevas.org\/bitacora\/una-produccion-estetica-situada-por-alejandra-varela\/#respond"]}]},{"@type":"WebPage","@id":"https:\/\/orillasnuevas.org\/bitacora\/una-produccion-estetica-situada-por-alejandra-varela\/","url":"https:\/\/orillasnuevas.org\/bitacora\/una-produccion-estetica-situada-por-alejandra-varela\/","name":"Una producci\u00f3n est\u00e9tica situada por Alejandra Varela - Orillas Nuevas","isPartOf":{"@id":"https:\/\/orillasnuevas.org\/fr\/#website"},"datePublished":"2024-11-28T16:59:58+00:00","dateModified":"2025-02-12T23:44:52+00:00","breadcrumb":{"@id":"https:\/\/orillasnuevas.org\/bitacora\/una-produccion-estetica-situada-por-alejandra-varela\/#breadcrumb"},"inLanguage":"fr-FR","potentialAction":[{"@type":"ReadAction","target":["https:\/\/orillasnuevas.org\/bitacora\/una-produccion-estetica-situada-por-alejandra-varela\/"]}]},{"@type":"BreadcrumbList","@id":"https:\/\/orillasnuevas.org\/bitacora\/una-produccion-estetica-situada-por-alejandra-varela\/#breadcrumb","itemListElement":[{"@type":"ListItem","position":1,"name":"Inicio","item":"https:\/\/orillasnuevas.org\/"},{"@type":"ListItem","position":2,"name":"Una producci\u00f3n est\u00e9tica situada por Alejandra Varela"}]},{"@type":"WebSite","@id":"https:\/\/orillasnuevas.org\/fr\/#website","url":"https:\/\/orillasnuevas.org\/fr\/","name":"Orillas Nuevas","description":"Programa de apoyo, financiamiento e internacionalizaci\u00f3n de las industrias culturales y creativas en Argentina organizado por el Institut fran\u00e7ais d\u2019Argentine.","publisher":{"@id":"https:\/\/orillasnuevas.org\/fr\/#organization"},"potentialAction":[{"@type":"SearchAction","target":{"@type":"EntryPoint","urlTemplate":"https:\/\/orillasnuevas.org\/fr\/?s={search_term_string}"},"query-input":{"@type":"PropertyValueSpecification","valueRequired":true,"valueName":"search_term_string"}}],"inLanguage":"fr-FR"},{"@type":"Organization","@id":"https:\/\/orillasnuevas.org\/fr\/#organization","name":"Orillas Nuevas","url":"https:\/\/orillasnuevas.org\/fr\/","logo":{"@type":"ImageObject","inLanguage":"fr-FR","@id":"https:\/\/orillasnuevas.org\/fr\/#\/schema\/logo\/image\/","url":"https:\/\/orillasnuevas.org\/wp-content\/uploads\/2024\/09\/ON_Portada-FB.jpg","contentUrl":"https:\/\/orillasnuevas.org\/wp-content\/uploads\/2024\/09\/ON_Portada-FB.jpg","width":1708,"height":750,"caption":"Orillas Nuevas"},"image":{"@id":"https:\/\/orillasnuevas.org\/fr\/#\/schema\/logo\/image\/"},"sameAs":["https:\/\/www.instagram.com\/orillasnuevas"]},{"@type":"Person","@id":"https:\/\/orillasnuevas.org\/fr\/#\/schema\/person\/e6d326b6c70c8b379ddbf522a8b90892","name":"orillasnuevasglosaestudio@gmail.com","image":{"@type":"ImageObject","inLanguage":"fr-FR","@id":"https:\/\/secure.gravatar.com\/avatar\/374578686dfa4f3267b5847b5cfe2f24c6eff592537aac399605cd601a787bec?s=96&d=mm&r=g","url":"https:\/\/secure.gravatar.com\/avatar\/374578686dfa4f3267b5847b5cfe2f24c6eff592537aac399605cd601a787bec?s=96&d=mm&r=g","contentUrl":"https:\/\/secure.gravatar.com\/avatar\/374578686dfa4f3267b5847b5cfe2f24c6eff592537aac399605cd601a787bec?s=96&d=mm&r=g","caption":"orillasnuevasglosaestudio@gmail.com"},"sameAs":["http:\/\/orillasnuevas.org"],"url":"https:\/\/orillasnuevas.org\/fr\/author\/orillasnuevasglosaestudiogmail-com\/"}]}},"_links":{"self":[{"href":"https:\/\/orillasnuevas.org\/fr\/wp-json\/wp\/v2\/posts\/3918","targetHints":{"allow":["GET"]}}],"collection":[{"href":"https:\/\/orillasnuevas.org\/fr\/wp-json\/wp\/v2\/posts"}],"about":[{"href":"https:\/\/orillasnuevas.org\/fr\/wp-json\/wp\/v2\/types\/post"}],"author":[{"embeddable":true,"href":"https:\/\/orillasnuevas.org\/fr\/wp-json\/wp\/v2\/users\/1"}],"replies":[{"embeddable":true,"href":"https:\/\/orillasnuevas.org\/fr\/wp-json\/wp\/v2\/comments?post=3918"}],"version-history":[{"count":1,"href":"https:\/\/orillasnuevas.org\/fr\/wp-json\/wp\/v2\/posts\/3918\/revisions"}],"predecessor-version":[{"id":3919,"href":"https:\/\/orillasnuevas.org\/fr\/wp-json\/wp\/v2\/posts\/3918\/revisions\/3919"}],"wp:attachment":[{"href":"https:\/\/orillasnuevas.org\/fr\/wp-json\/wp\/v2\/media?parent=3918"}],"wp:term":[{"taxonomy":"category","embeddable":true,"href":"https:\/\/orillasnuevas.org\/fr\/wp-json\/wp\/v2\/categories?post=3918"},{"taxonomy":"post_tag","embeddable":true,"href":"https:\/\/orillasnuevas.org\/fr\/wp-json\/wp\/v2\/tags?post=3918"}],"curies":[{"name":"wp","href":"https:\/\/api.w.org\/{rel}","templated":true}]}}