{"id":3920,"date":"2024-11-28T14:03:39","date_gmt":"2024-11-28T17:03:39","guid":{"rendered":"https:\/\/orillasnuevas.org\/?p=3920"},"modified":"2024-11-28T15:37:56","modified_gmt":"2024-11-28T18:37:56","slug":"latelier-segun-juan-pablo-zaramella","status":"publish","type":"post","link":"https:\/\/orillasnuevas.org\/fr\/bitacora\/latelier-segun-juan-pablo-zaramella\/","title":{"rendered":"l\u00b4Atelier seg\u00fan Juan Pablo Zaramella"},"content":{"rendered":"<div class=\"wp-block-group\"><div class=\"wp-block-group__inner-container is-layout-constrained wp-block-group-is-layout-constrained\">\n<div class=\"wp-block-columns is-layout-flex wp-container-core-columns-is-layout-9d6595d7 wp-block-columns-is-layout-flex\">\n<div class=\"wp-block-column is-layout-flow wp-block-column-is-layout-flow\" style=\"flex-basis:100%\">\n<figure class=\"wp-block-gallery has-nested-images columns-3 is-cropped wp-block-gallery-1 is-layout-flex wp-block-gallery-is-layout-flex\">\n<figure class=\"wp-block-image size-large\"><img fetchpriority=\"high\" decoding=\"async\" width=\"649\" height=\"1024\" data-id=\"3923\" src=\"https:\/\/orillasnuevas.org\/wp-content\/uploads\/2024\/11\/IMG-20241127-WA0040-649x1024.jpg\" alt=\"\" class=\"wp-image-3923\" srcset=\"https:\/\/orillasnuevas.org\/wp-content\/uploads\/2024\/11\/IMG-20241127-WA0040-649x1024.jpg 649w, https:\/\/orillasnuevas.org\/wp-content\/uploads\/2024\/11\/IMG-20241127-WA0040-190x300.jpg 190w, https:\/\/orillasnuevas.org\/wp-content\/uploads\/2024\/11\/IMG-20241127-WA0040-768x1212.jpg 768w, https:\/\/orillasnuevas.org\/wp-content\/uploads\/2024\/11\/IMG-20241127-WA0040-974x1536.jpg 974w, https:\/\/orillasnuevas.org\/wp-content\/uploads\/2024\/11\/IMG-20241127-WA0040-1298x2048.jpg 1298w, https:\/\/orillasnuevas.org\/wp-content\/uploads\/2024\/11\/IMG-20241127-WA0040-8x12.jpg 8w, https:\/\/orillasnuevas.org\/wp-content\/uploads\/2024\/11\/IMG-20241127-WA0040-scaled.jpg 1623w\" sizes=\"(max-width: 649px) 100vw, 649px\" \/><\/figure>\n\n\n\n<figure class=\"wp-block-image size-large\"><img decoding=\"async\" width=\"768\" height=\"1024\" data-id=\"3922\" src=\"https:\/\/orillasnuevas.org\/wp-content\/uploads\/2024\/11\/IMG-20241127-WA0038-768x1024.jpg\" alt=\"\" class=\"wp-image-3922\" srcset=\"https:\/\/orillasnuevas.org\/wp-content\/uploads\/2024\/11\/IMG-20241127-WA0038-768x1024.jpg 768w, https:\/\/orillasnuevas.org\/wp-content\/uploads\/2024\/11\/IMG-20241127-WA0038-225x300.jpg 225w, https:\/\/orillasnuevas.org\/wp-content\/uploads\/2024\/11\/IMG-20241127-WA0038-1152x1536.jpg 1152w, https:\/\/orillasnuevas.org\/wp-content\/uploads\/2024\/11\/IMG-20241127-WA0038-1536x2048.jpg 1536w, https:\/\/orillasnuevas.org\/wp-content\/uploads\/2024\/11\/IMG-20241127-WA0038-9x12.jpg 9w, https:\/\/orillasnuevas.org\/wp-content\/uploads\/2024\/11\/IMG-20241127-WA0038-scaled.jpg 1920w\" sizes=\"(max-width: 768px) 100vw, 768px\" \/><\/figure>\n\n\n\n<figure class=\"wp-block-image size-large\"><img decoding=\"async\" width=\"473\" height=\"1024\" data-id=\"3924\" src=\"https:\/\/orillasnuevas.org\/wp-content\/uploads\/2024\/11\/20241127_160009-473x1024.jpg\" alt=\"\" class=\"wp-image-3924\" srcset=\"https:\/\/orillasnuevas.org\/wp-content\/uploads\/2024\/11\/20241127_160009-473x1024.jpg 473w, https:\/\/orillasnuevas.org\/wp-content\/uploads\/2024\/11\/20241127_160009-139x300.jpg 139w, https:\/\/orillasnuevas.org\/wp-content\/uploads\/2024\/11\/20241127_160009-768x1662.jpg 768w, https:\/\/orillasnuevas.org\/wp-content\/uploads\/2024\/11\/20241127_160009-710x1536.jpg 710w, https:\/\/orillasnuevas.org\/wp-content\/uploads\/2024\/11\/20241127_160009-946x2048.jpg 946w, https:\/\/orillasnuevas.org\/wp-content\/uploads\/2024\/11\/20241127_160009-6x12.jpg 6w, https:\/\/orillasnuevas.org\/wp-content\/uploads\/2024\/11\/20241127_160009-scaled.jpg 1183w\" sizes=\"(max-width: 473px) 100vw, 473px\" \/><\/figure>\n\n\n\n<figure class=\"wp-block-image size-large\"><img loading=\"lazy\" decoding=\"async\" width=\"1024\" height=\"768\" data-id=\"3921\" src=\"https:\/\/orillasnuevas.org\/wp-content\/uploads\/2024\/11\/IMG-20241127-WA0016-1024x768.jpg\" alt=\"\" class=\"wp-image-3921\" srcset=\"https:\/\/orillasnuevas.org\/wp-content\/uploads\/2024\/11\/IMG-20241127-WA0016-1024x768.jpg 1024w, https:\/\/orillasnuevas.org\/wp-content\/uploads\/2024\/11\/IMG-20241127-WA0016-300x225.jpg 300w, https:\/\/orillasnuevas.org\/wp-content\/uploads\/2024\/11\/IMG-20241127-WA0016-768x576.jpg 768w, https:\/\/orillasnuevas.org\/wp-content\/uploads\/2024\/11\/IMG-20241127-WA0016-1536x1152.jpg 1536w, https:\/\/orillasnuevas.org\/wp-content\/uploads\/2024\/11\/IMG-20241127-WA0016-16x12.jpg 16w, https:\/\/orillasnuevas.org\/wp-content\/uploads\/2024\/11\/IMG-20241127-WA0016.jpg 1600w\" sizes=\"(max-width: 1024px) 100vw, 1024px\" \/><\/figure>\n<\/figure>\n<\/div>\n<\/div>\n<\/div><\/div>\n\n\n\n<p>Registro de Juan Pablo Zaramella, proyecto <a href=\"https:\/\/orillasnuevas.org\/fr\/anamorfia\/\" target=\"_blank\" rel=\"noreferrer noopener\">Anamorfia<\/a>.<\/p>\n\n\n\n<p><\/p>","protected":false},"excerpt":{"rendered":"<p>Registro de Juan Pablo Zaramella, proyecto Anamorfia.<\/p>","protected":false},"author":1,"featured_media":3939,"comment_status":"open","ping_status":"open","sticky":false,"template":"","format":"standard","meta":{"neve_meta_sidebar":"","neve_meta_container":"","neve_meta_enable_content_width":"","neve_meta_content_width":0,"neve_meta_title_alignment":"","neve_meta_author_avatar":"","neve_post_elements_order":"","neve_meta_disable_header":"","neve_meta_disable_footer":"","neve_meta_disable_title":"","footnotes":""},"categories":[10],"tags":[],"class_list":["post-3920","post","type-post","status-publish","format-standard","has-post-thumbnail","hentry","category-bitacora"],"yoast_head":"<!-- This site is optimized with the Yoast SEO plugin v27.4 - https:\/\/yoast.com\/product\/yoast-seo-wordpress\/ -->\n<title>l\u00b4Atelier seg\u00fan Juan Pablo Zaramella - Orillas Nuevas<\/title>\n<meta name=\"robots\" content=\"index, follow, max-snippet:-1, max-image-preview:large, max-video-preview:-1\" \/>\n<link rel=\"canonical\" href=\"https:\/\/orillasnuevas.org\/fr\/bitacora\/latelier-segun-juan-pablo-zaramella\/\" \/>\n<meta property=\"og:locale\" content=\"fr_FR\" \/>\n<meta property=\"og:type\" content=\"article\" \/>\n<meta property=\"og:title\" content=\"l\u00b4Atelier seg\u00fan Juan Pablo Zaramella - Orillas Nuevas\" \/>\n<meta property=\"og:description\" content=\"Registro de Juan Pablo Zaramella, proyecto Anamorfia.\" \/>\n<meta property=\"og:url\" content=\"https:\/\/orillasnuevas.org\/fr\/bitacora\/latelier-segun-juan-pablo-zaramella\/\" \/>\n<meta property=\"og:site_name\" content=\"Orillas Nuevas\" \/>\n<meta property=\"article:published_time\" content=\"2024-11-28T17:03:39+00:00\" \/>\n<meta property=\"article:modified_time\" content=\"2024-11-28T18:37:56+00:00\" \/>\n<meta property=\"og:image\" content=\"https:\/\/orillasnuevas.org\/wp-content\/uploads\/2024\/11\/Diseno-sin-titulo.png\" \/>\n\t<meta property=\"og:image:width\" content=\"1000\" \/>\n\t<meta property=\"og:image:height\" content=\"600\" \/>\n\t<meta property=\"og:image:type\" content=\"image\/png\" \/>\n<meta name=\"author\" content=\"orillasnuevasglosaestudio@gmail.com\" \/>\n<meta name=\"twitter:card\" content=\"summary_large_image\" \/>\n<meta name=\"twitter:label1\" content=\"\u00c9crit par\" \/>\n\t<meta name=\"twitter:data1\" content=\"orillasnuevasglosaestudio@gmail.com\" \/>\n\t<meta name=\"twitter:label2\" content=\"Dur\u00e9e de lecture estim\u00e9e\" \/>\n\t<meta name=\"twitter:data2\" content=\"2 minutes\" \/>\n<script type=\"application\/ld+json\" class=\"yoast-schema-graph\">{\"@context\":\"https:\\\/\\\/schema.org\",\"@graph\":[{\"@type\":\"Article\",\"@id\":\"https:\\\/\\\/orillasnuevas.org\\\/bitacora\\\/latelier-segun-juan-pablo-zaramella\\\/#article\",\"isPartOf\":{\"@id\":\"https:\\\/\\\/orillasnuevas.org\\\/bitacora\\\/latelier-segun-juan-pablo-zaramella\\\/\"},\"author\":{\"name\":\"orillasnuevasglosaestudio@gmail.com\",\"@id\":\"https:\\\/\\\/orillasnuevas.org\\\/fr\\\/#\\\/schema\\\/person\\\/e6d326b6c70c8b379ddbf522a8b90892\"},\"headline\":\"l\u00b4Atelier seg\u00fan Juan Pablo Zaramella\",\"datePublished\":\"2024-11-28T17:03:39+00:00\",\"dateModified\":\"2024-11-28T18:37:56+00:00\",\"mainEntityOfPage\":{\"@id\":\"https:\\\/\\\/orillasnuevas.org\\\/bitacora\\\/latelier-segun-juan-pablo-zaramella\\\/\"},\"wordCount\":14,\"commentCount\":0,\"publisher\":{\"@id\":\"https:\\\/\\\/orillasnuevas.org\\\/fr\\\/#organization\"},\"image\":{\"@id\":\"https:\\\/\\\/orillasnuevas.org\\\/bitacora\\\/latelier-segun-juan-pablo-zaramella\\\/#primaryimage\"},\"thumbnailUrl\":\"https:\\\/\\\/orillasnuevas.org\\\/wp-content\\\/uploads\\\/2024\\\/11\\\/Diseno-sin-titulo.png\",\"articleSection\":[\"Bit\u00e1cora\"],\"inLanguage\":\"fr-FR\",\"potentialAction\":[{\"@type\":\"CommentAction\",\"name\":\"Comment\",\"target\":[\"https:\\\/\\\/orillasnuevas.org\\\/bitacora\\\/latelier-segun-juan-pablo-zaramella\\\/#respond\"]}]},{\"@type\":\"WebPage\",\"@id\":\"https:\\\/\\\/orillasnuevas.org\\\/bitacora\\\/latelier-segun-juan-pablo-zaramella\\\/\",\"url\":\"https:\\\/\\\/orillasnuevas.org\\\/bitacora\\\/latelier-segun-juan-pablo-zaramella\\\/\",\"name\":\"l\u00b4Atelier seg\u00fan Juan Pablo Zaramella - Orillas Nuevas\",\"isPartOf\":{\"@id\":\"https:\\\/\\\/orillasnuevas.org\\\/fr\\\/#website\"},\"primaryImageOfPage\":{\"@id\":\"https:\\\/\\\/orillasnuevas.org\\\/bitacora\\\/latelier-segun-juan-pablo-zaramella\\\/#primaryimage\"},\"image\":{\"@id\":\"https:\\\/\\\/orillasnuevas.org\\\/bitacora\\\/latelier-segun-juan-pablo-zaramella\\\/#primaryimage\"},\"thumbnailUrl\":\"https:\\\/\\\/orillasnuevas.org\\\/wp-content\\\/uploads\\\/2024\\\/11\\\/Diseno-sin-titulo.png\",\"datePublished\":\"2024-11-28T17:03:39+00:00\",\"dateModified\":\"2024-11-28T18:37:56+00:00\",\"breadcrumb\":{\"@id\":\"https:\\\/\\\/orillasnuevas.org\\\/bitacora\\\/latelier-segun-juan-pablo-zaramella\\\/#breadcrumb\"},\"inLanguage\":\"fr-FR\",\"potentialAction\":[{\"@type\":\"ReadAction\",\"target\":[\"https:\\\/\\\/orillasnuevas.org\\\/bitacora\\\/latelier-segun-juan-pablo-zaramella\\\/\"]}]},{\"@type\":\"ImageObject\",\"inLanguage\":\"fr-FR\",\"@id\":\"https:\\\/\\\/orillasnuevas.org\\\/bitacora\\\/latelier-segun-juan-pablo-zaramella\\\/#primaryimage\",\"url\":\"https:\\\/\\\/orillasnuevas.org\\\/wp-content\\\/uploads\\\/2024\\\/11\\\/Diseno-sin-titulo.png\",\"contentUrl\":\"https:\\\/\\\/orillasnuevas.org\\\/wp-content\\\/uploads\\\/2024\\\/11\\\/Diseno-sin-titulo.png\",\"width\":1000,\"height\":600},{\"@type\":\"BreadcrumbList\",\"@id\":\"https:\\\/\\\/orillasnuevas.org\\\/bitacora\\\/latelier-segun-juan-pablo-zaramella\\\/#breadcrumb\",\"itemListElement\":[{\"@type\":\"ListItem\",\"position\":1,\"name\":\"Inicio\",\"item\":\"https:\\\/\\\/orillasnuevas.org\\\/\"},{\"@type\":\"ListItem\",\"position\":2,\"name\":\"l\u00b4Atelier seg\u00fan Juan Pablo Zaramella\"}]},{\"@type\":\"WebSite\",\"@id\":\"https:\\\/\\\/orillasnuevas.org\\\/fr\\\/#website\",\"url\":\"https:\\\/\\\/orillasnuevas.org\\\/fr\\\/\",\"name\":\"Orillas Nuevas\",\"description\":\"Programa de apoyo, financiamiento e internacionalizaci\u00f3n de las industrias culturales y creativas en Argentina organizado por el Institut fran\u00e7ais d\u2019Argentine.\",\"publisher\":{\"@id\":\"https:\\\/\\\/orillasnuevas.org\\\/fr\\\/#organization\"},\"potentialAction\":[{\"@type\":\"SearchAction\",\"target\":{\"@type\":\"EntryPoint\",\"urlTemplate\":\"https:\\\/\\\/orillasnuevas.org\\\/fr\\\/?s={search_term_string}\"},\"query-input\":{\"@type\":\"PropertyValueSpecification\",\"valueRequired\":true,\"valueName\":\"search_term_string\"}}],\"inLanguage\":\"fr-FR\"},{\"@type\":\"Organization\",\"@id\":\"https:\\\/\\\/orillasnuevas.org\\\/fr\\\/#organization\",\"name\":\"Orillas Nuevas\",\"url\":\"https:\\\/\\\/orillasnuevas.org\\\/fr\\\/\",\"logo\":{\"@type\":\"ImageObject\",\"inLanguage\":\"fr-FR\",\"@id\":\"https:\\\/\\\/orillasnuevas.org\\\/fr\\\/#\\\/schema\\\/logo\\\/image\\\/\",\"url\":\"https:\\\/\\\/orillasnuevas.org\\\/wp-content\\\/uploads\\\/2024\\\/09\\\/ON_Portada-FB.jpg\",\"contentUrl\":\"https:\\\/\\\/orillasnuevas.org\\\/wp-content\\\/uploads\\\/2024\\\/09\\\/ON_Portada-FB.jpg\",\"width\":1708,\"height\":750,\"caption\":\"Orillas Nuevas\"},\"image\":{\"@id\":\"https:\\\/\\\/orillasnuevas.org\\\/fr\\\/#\\\/schema\\\/logo\\\/image\\\/\"},\"sameAs\":[\"https:\\\/\\\/www.instagram.com\\\/orillasnuevas\"]},{\"@type\":\"Person\",\"@id\":\"https:\\\/\\\/orillasnuevas.org\\\/fr\\\/#\\\/schema\\\/person\\\/e6d326b6c70c8b379ddbf522a8b90892\",\"name\":\"orillasnuevasglosaestudio@gmail.com\",\"image\":{\"@type\":\"ImageObject\",\"inLanguage\":\"fr-FR\",\"@id\":\"https:\\\/\\\/secure.gravatar.com\\\/avatar\\\/374578686dfa4f3267b5847b5cfe2f24c6eff592537aac399605cd601a787bec?s=96&d=mm&r=g\",\"url\":\"https:\\\/\\\/secure.gravatar.com\\\/avatar\\\/374578686dfa4f3267b5847b5cfe2f24c6eff592537aac399605cd601a787bec?s=96&d=mm&r=g\",\"contentUrl\":\"https:\\\/\\\/secure.gravatar.com\\\/avatar\\\/374578686dfa4f3267b5847b5cfe2f24c6eff592537aac399605cd601a787bec?s=96&d=mm&r=g\",\"caption\":\"orillasnuevasglosaestudio@gmail.com\"},\"sameAs\":[\"http:\\\/\\\/orillasnuevas.org\"],\"url\":\"https:\\\/\\\/orillasnuevas.org\\\/fr\\\/author\\\/orillasnuevasglosaestudiogmail-com\\\/\"}]}<\/script>\n<!-- \/ Yoast SEO plugin. -->","yoast_head_json":{"title":"l\u00b4Atelier seg\u00fan Juan Pablo Zaramella - Orillas Nuevas","robots":{"index":"index","follow":"follow","max-snippet":"max-snippet:-1","max-image-preview":"max-image-preview:large","max-video-preview":"max-video-preview:-1"},"canonical":"https:\/\/orillasnuevas.org\/fr\/bitacora\/latelier-segun-juan-pablo-zaramella\/","og_locale":"fr_FR","og_type":"article","og_title":"l\u00b4Atelier seg\u00fan Juan Pablo Zaramella - Orillas Nuevas","og_description":"Registro de Juan Pablo Zaramella, proyecto Anamorfia.","og_url":"https:\/\/orillasnuevas.org\/fr\/bitacora\/latelier-segun-juan-pablo-zaramella\/","og_site_name":"Orillas Nuevas","article_published_time":"2024-11-28T17:03:39+00:00","article_modified_time":"2024-11-28T18:37:56+00:00","og_image":[{"width":1000,"height":600,"url":"https:\/\/orillasnuevas.org\/wp-content\/uploads\/2024\/11\/Diseno-sin-titulo.png","type":"image\/png"}],"author":"orillasnuevasglosaestudio@gmail.com","twitter_card":"summary_large_image","twitter_misc":{"\u00c9crit par":"orillasnuevasglosaestudio@gmail.com","Dur\u00e9e de lecture estim\u00e9e":"2 minutes"},"schema":{"@context":"https:\/\/schema.org","@graph":[{"@type":"Article","@id":"https:\/\/orillasnuevas.org\/bitacora\/latelier-segun-juan-pablo-zaramella\/#article","isPartOf":{"@id":"https:\/\/orillasnuevas.org\/bitacora\/latelier-segun-juan-pablo-zaramella\/"},"author":{"name":"orillasnuevasglosaestudio@gmail.com","@id":"https:\/\/orillasnuevas.org\/fr\/#\/schema\/person\/e6d326b6c70c8b379ddbf522a8b90892"},"headline":"l\u00b4Atelier seg\u00fan Juan Pablo Zaramella","datePublished":"2024-11-28T17:03:39+00:00","dateModified":"2024-11-28T18:37:56+00:00","mainEntityOfPage":{"@id":"https:\/\/orillasnuevas.org\/bitacora\/latelier-segun-juan-pablo-zaramella\/"},"wordCount":14,"commentCount":0,"publisher":{"@id":"https:\/\/orillasnuevas.org\/fr\/#organization"},"image":{"@id":"https:\/\/orillasnuevas.org\/bitacora\/latelier-segun-juan-pablo-zaramella\/#primaryimage"},"thumbnailUrl":"https:\/\/orillasnuevas.org\/wp-content\/uploads\/2024\/11\/Diseno-sin-titulo.png","articleSection":["Bit\u00e1cora"],"inLanguage":"fr-FR","potentialAction":[{"@type":"CommentAction","name":"Comment","target":["https:\/\/orillasnuevas.org\/bitacora\/latelier-segun-juan-pablo-zaramella\/#respond"]}]},{"@type":"WebPage","@id":"https:\/\/orillasnuevas.org\/bitacora\/latelier-segun-juan-pablo-zaramella\/","url":"https:\/\/orillasnuevas.org\/bitacora\/latelier-segun-juan-pablo-zaramella\/","name":"l\u00b4Atelier seg\u00fan Juan Pablo Zaramella - Orillas Nuevas","isPartOf":{"@id":"https:\/\/orillasnuevas.org\/fr\/#website"},"primaryImageOfPage":{"@id":"https:\/\/orillasnuevas.org\/bitacora\/latelier-segun-juan-pablo-zaramella\/#primaryimage"},"image":{"@id":"https:\/\/orillasnuevas.org\/bitacora\/latelier-segun-juan-pablo-zaramella\/#primaryimage"},"thumbnailUrl":"https:\/\/orillasnuevas.org\/wp-content\/uploads\/2024\/11\/Diseno-sin-titulo.png","datePublished":"2024-11-28T17:03:39+00:00","dateModified":"2024-11-28T18:37:56+00:00","breadcrumb":{"@id":"https:\/\/orillasnuevas.org\/bitacora\/latelier-segun-juan-pablo-zaramella\/#breadcrumb"},"inLanguage":"fr-FR","potentialAction":[{"@type":"ReadAction","target":["https:\/\/orillasnuevas.org\/bitacora\/latelier-segun-juan-pablo-zaramella\/"]}]},{"@type":"ImageObject","inLanguage":"fr-FR","@id":"https:\/\/orillasnuevas.org\/bitacora\/latelier-segun-juan-pablo-zaramella\/#primaryimage","url":"https:\/\/orillasnuevas.org\/wp-content\/uploads\/2024\/11\/Diseno-sin-titulo.png","contentUrl":"https:\/\/orillasnuevas.org\/wp-content\/uploads\/2024\/11\/Diseno-sin-titulo.png","width":1000,"height":600},{"@type":"BreadcrumbList","@id":"https:\/\/orillasnuevas.org\/bitacora\/latelier-segun-juan-pablo-zaramella\/#breadcrumb","itemListElement":[{"@type":"ListItem","position":1,"name":"Inicio","item":"https:\/\/orillasnuevas.org\/"},{"@type":"ListItem","position":2,"name":"l\u00b4Atelier seg\u00fan Juan Pablo Zaramella"}]},{"@type":"WebSite","@id":"https:\/\/orillasnuevas.org\/fr\/#website","url":"https:\/\/orillasnuevas.org\/fr\/","name":"Orillas Nuevas","description":"Programa de apoyo, financiamiento e internacionalizaci\u00f3n de las industrias culturales y creativas en Argentina organizado por el Institut fran\u00e7ais d\u2019Argentine.","publisher":{"@id":"https:\/\/orillasnuevas.org\/fr\/#organization"},"potentialAction":[{"@type":"SearchAction","target":{"@type":"EntryPoint","urlTemplate":"https:\/\/orillasnuevas.org\/fr\/?s={search_term_string}"},"query-input":{"@type":"PropertyValueSpecification","valueRequired":true,"valueName":"search_term_string"}}],"inLanguage":"fr-FR"},{"@type":"Organization","@id":"https:\/\/orillasnuevas.org\/fr\/#organization","name":"Orillas Nuevas","url":"https:\/\/orillasnuevas.org\/fr\/","logo":{"@type":"ImageObject","inLanguage":"fr-FR","@id":"https:\/\/orillasnuevas.org\/fr\/#\/schema\/logo\/image\/","url":"https:\/\/orillasnuevas.org\/wp-content\/uploads\/2024\/09\/ON_Portada-FB.jpg","contentUrl":"https:\/\/orillasnuevas.org\/wp-content\/uploads\/2024\/09\/ON_Portada-FB.jpg","width":1708,"height":750,"caption":"Orillas Nuevas"},"image":{"@id":"https:\/\/orillasnuevas.org\/fr\/#\/schema\/logo\/image\/"},"sameAs":["https:\/\/www.instagram.com\/orillasnuevas"]},{"@type":"Person","@id":"https:\/\/orillasnuevas.org\/fr\/#\/schema\/person\/e6d326b6c70c8b379ddbf522a8b90892","name":"orillasnuevasglosaestudio@gmail.com","image":{"@type":"ImageObject","inLanguage":"fr-FR","@id":"https:\/\/secure.gravatar.com\/avatar\/374578686dfa4f3267b5847b5cfe2f24c6eff592537aac399605cd601a787bec?s=96&d=mm&r=g","url":"https:\/\/secure.gravatar.com\/avatar\/374578686dfa4f3267b5847b5cfe2f24c6eff592537aac399605cd601a787bec?s=96&d=mm&r=g","contentUrl":"https:\/\/secure.gravatar.com\/avatar\/374578686dfa4f3267b5847b5cfe2f24c6eff592537aac399605cd601a787bec?s=96&d=mm&r=g","caption":"orillasnuevasglosaestudio@gmail.com"},"sameAs":["http:\/\/orillasnuevas.org"],"url":"https:\/\/orillasnuevas.org\/fr\/author\/orillasnuevasglosaestudiogmail-com\/"}]}},"_links":{"self":[{"href":"https:\/\/orillasnuevas.org\/fr\/wp-json\/wp\/v2\/posts\/3920","targetHints":{"allow":["GET"]}}],"collection":[{"href":"https:\/\/orillasnuevas.org\/fr\/wp-json\/wp\/v2\/posts"}],"about":[{"href":"https:\/\/orillasnuevas.org\/fr\/wp-json\/wp\/v2\/types\/post"}],"author":[{"embeddable":true,"href":"https:\/\/orillasnuevas.org\/fr\/wp-json\/wp\/v2\/users\/1"}],"replies":[{"embeddable":true,"href":"https:\/\/orillasnuevas.org\/fr\/wp-json\/wp\/v2\/comments?post=3920"}],"version-history":[{"count":5,"href":"https:\/\/orillasnuevas.org\/fr\/wp-json\/wp\/v2\/posts\/3920\/revisions"}],"predecessor-version":[{"id":3932,"href":"https:\/\/orillasnuevas.org\/fr\/wp-json\/wp\/v2\/posts\/3920\/revisions\/3932"}],"wp:featuredmedia":[{"embeddable":true,"href":"https:\/\/orillasnuevas.org\/fr\/wp-json\/wp\/v2\/media\/3939"}],"wp:attachment":[{"href":"https:\/\/orillasnuevas.org\/fr\/wp-json\/wp\/v2\/media?parent=3920"}],"wp:term":[{"taxonomy":"category","embeddable":true,"href":"https:\/\/orillasnuevas.org\/fr\/wp-json\/wp\/v2\/categories?post=3920"},{"taxonomy":"post_tag","embeddable":true,"href":"https:\/\/orillasnuevas.org\/fr\/wp-json\/wp\/v2\/tags?post=3920"}],"curies":[{"name":"wp","href":"https:\/\/api.w.org\/{rel}","templated":true}]}}