{"id":3960,"date":"2024-12-13T13:28:04","date_gmt":"2024-12-13T16:28:04","guid":{"rendered":"https:\/\/orillasnuevas.org\/?p=3960"},"modified":"2024-12-13T13:34:00","modified_gmt":"2024-12-13T16:34:00","slug":"estar-presente-por-lucie-haguenauer","status":"publish","type":"post","link":"https:\/\/orillasnuevas.org\/fr\/bitacora\/estar-presente-por-lucie-haguenauer\/","title":{"rendered":"Estar presente por Lucie Haguenauer"},"content":{"rendered":"<p>La semana intensa e intensiva de l\u2019Atelier trat\u00f3 de ser un justo equilibrio entre la aceleraci\u00f3n de los proyectos y las necesidades de permanecer en una misma unidad de tiempo\/espacio para crear. Darnos el tiempo de conocernos, de tejer lazos nuevos, de resignificar los v\u00ednculos ya existentes y dejar suficiente tiempo y espacio a que puedan surgir nuevas formas.<\/p>\n\n\n\n<p>Esto estuvo en el inicio del programa Orillas Nuevas cuando lo empezamos a imaginar y diagramar. La creaci\u00f3n necesita recursos \u2013dinero, obviamente- pero tambi\u00e9n necesita el tiempo disponible de los artistas, que en el contexto actual est\u00e1n sometidos cada vez m\u00e1s a la necesidad de multiplicar trabajos, oficios y tareas. Entonces, pens\u00e9 que el prop\u00f3sito de Orillas Nuevas tambi\u00e9n era ofrecer un par\u00e9ntesis para que la innovaci\u00f3n se exprese en todos sus sentidos, los conocidos, y los desconocidos.<\/p>\n\n\n\n<p>La semana de l\u2019Atelier nos dio la posibilidad de<strong> estar presentes<\/strong> todos juntos en un mismo espacio y tiempo para un solo prop\u00f3sito com\u00fan. Al final, los participantes lo vivieron como un oasis de creaci\u00f3n y desarrollo, una peque\u00f1a aldea dentro de un contexto adverso.<\/p>\n\n\n\n<p>\u201cYou are at the right place!\u201d dice una guionista francesa a un equipo de creaci\u00f3n de una pel\u00edcula argentina durante una mentor\u00eda. Ellos tienen la legitimidad para desarrollar esta animaci\u00f3n y se expresan con un tono de voz justo. De vuelta surge la imagen del lugar desde d\u00f3nde hablamos. Expresarse como artistas desde un lugar genuino y propio para salir a establecer v\u00ednculos con los dem\u00e1s. Es este justo equilibrio que anhelamos: que Orillas Nuevas pueda ser lo suficiente estimulante hacia adentro para multiplicar hacia afuera las conexiones del arte y la cultura con su p\u00fablico.<\/p>\n\n\n\n<figure class=\"wp-block-gallery has-nested-images columns-1 is-cropped wp-block-gallery-1 is-layout-flex wp-block-gallery-is-layout-flex\">\n<figure class=\"wp-block-image size-large\"><img fetchpriority=\"high\" decoding=\"async\" width=\"1024\" height=\"683\" data-id=\"3962\" src=\"https:\/\/orillasnuevas.org\/wp-content\/uploads\/2024\/12\/11-1024x683.webp\" alt=\"\" class=\"wp-image-3962\" srcset=\"https:\/\/orillasnuevas.org\/wp-content\/uploads\/2024\/12\/11-1024x683.webp 1024w, https:\/\/orillasnuevas.org\/wp-content\/uploads\/2024\/12\/11-300x200.webp 300w, https:\/\/orillasnuevas.org\/wp-content\/uploads\/2024\/12\/11-768x512.webp 768w\" sizes=\"(max-width: 1024px) 100vw, 1024px\" \/><\/figure>\n\n\n\n<figure class=\"wp-block-image size-large\"><img decoding=\"async\" width=\"1024\" height=\"683\" data-id=\"3966\" src=\"https:\/\/orillasnuevas.org\/wp-content\/uploads\/2024\/12\/12-1024x683.webp\" alt=\"\" class=\"wp-image-3966\" srcset=\"https:\/\/orillasnuevas.org\/wp-content\/uploads\/2024\/12\/12-1024x683.webp 1024w, https:\/\/orillasnuevas.org\/wp-content\/uploads\/2024\/12\/12-300x200.webp 300w, https:\/\/orillasnuevas.org\/wp-content\/uploads\/2024\/12\/12-768x512.webp 768w, https:\/\/orillasnuevas.org\/wp-content\/uploads\/2024\/12\/12-1536x1024.webp 1536w, https:\/\/orillasnuevas.org\/wp-content\/uploads\/2024\/12\/12-2048x1365.webp 2048w, https:\/\/orillasnuevas.org\/wp-content\/uploads\/2024\/12\/12-18x12.webp 18w, https:\/\/orillasnuevas.org\/wp-content\/uploads\/2024\/12\/12-930x620.webp 930w\" sizes=\"(max-width: 1024px) 100vw, 1024px\" \/><\/figure>\n\n\n\n<figure class=\"wp-block-image size-large\"><img decoding=\"async\" width=\"1024\" height=\"683\" data-id=\"3970\" src=\"https:\/\/orillasnuevas.org\/wp-content\/uploads\/2024\/12\/13-1-1024x683.webp\" alt=\"\" class=\"wp-image-3970\" srcset=\"https:\/\/orillasnuevas.org\/wp-content\/uploads\/2024\/12\/13-1-1024x683.webp 1024w, https:\/\/orillasnuevas.org\/wp-content\/uploads\/2024\/12\/13-1-300x200.webp 300w, https:\/\/orillasnuevas.org\/wp-content\/uploads\/2024\/12\/13-1-768x512.webp 768w, https:\/\/orillasnuevas.org\/wp-content\/uploads\/2024\/12\/13-1-1536x1024.webp 1536w, https:\/\/orillasnuevas.org\/wp-content\/uploads\/2024\/12\/13-1-2048x1365.webp 2048w, https:\/\/orillasnuevas.org\/wp-content\/uploads\/2024\/12\/13-1-18x12.webp 18w, https:\/\/orillasnuevas.org\/wp-content\/uploads\/2024\/12\/13-1-930x620.webp 930w\" sizes=\"(max-width: 1024px) 100vw, 1024px\" \/><\/figure>\n\n\n\n<figure class=\"wp-block-image size-large\"><img loading=\"lazy\" decoding=\"async\" width=\"1024\" height=\"683\" data-id=\"3964\" src=\"https:\/\/orillasnuevas.org\/wp-content\/uploads\/2024\/12\/14-1024x683.webp\" alt=\"\" class=\"wp-image-3964\" srcset=\"https:\/\/orillasnuevas.org\/wp-content\/uploads\/2024\/12\/14-1024x683.webp 1024w, https:\/\/orillasnuevas.org\/wp-content\/uploads\/2024\/12\/14-300x200.webp 300w, https:\/\/orillasnuevas.org\/wp-content\/uploads\/2024\/12\/14-768x512.webp 768w\" sizes=\"(max-width: 1024px) 100vw, 1024px\" \/><\/figure>\n\n\n\n<figure class=\"wp-block-image size-large\"><img loading=\"lazy\" decoding=\"async\" width=\"1024\" height=\"683\" data-id=\"3965\" src=\"https:\/\/orillasnuevas.org\/wp-content\/uploads\/2024\/12\/15-1024x683.webp\" alt=\"\" class=\"wp-image-3965\" srcset=\"https:\/\/orillasnuevas.org\/wp-content\/uploads\/2024\/12\/15-1024x683.webp 1024w, https:\/\/orillasnuevas.org\/wp-content\/uploads\/2024\/12\/15-300x200.webp 300w, https:\/\/orillasnuevas.org\/wp-content\/uploads\/2024\/12\/15-768x512.webp 768w, https:\/\/orillasnuevas.org\/wp-content\/uploads\/2024\/12\/15-1536x1024.webp 1536w, https:\/\/orillasnuevas.org\/wp-content\/uploads\/2024\/12\/15-2048x1365.webp 2048w, https:\/\/orillasnuevas.org\/wp-content\/uploads\/2024\/12\/15-18x12.webp 18w, https:\/\/orillasnuevas.org\/wp-content\/uploads\/2024\/12\/15-930x620.webp 930w\" sizes=\"(max-width: 1024px) 100vw, 1024px\" \/><\/figure>\n\n\n\n<figure class=\"wp-block-image size-large\"><img loading=\"lazy\" decoding=\"async\" width=\"1024\" height=\"683\" data-id=\"3967\" src=\"https:\/\/orillasnuevas.org\/wp-content\/uploads\/2024\/12\/16-1024x683.webp\" alt=\"\" class=\"wp-image-3967\" srcset=\"https:\/\/orillasnuevas.org\/wp-content\/uploads\/2024\/12\/16-1024x683.webp 1024w, https:\/\/orillasnuevas.org\/wp-content\/uploads\/2024\/12\/16-300x200.webp 300w, https:\/\/orillasnuevas.org\/wp-content\/uploads\/2024\/12\/16-768x512.webp 768w, https:\/\/orillasnuevas.org\/wp-content\/uploads\/2024\/12\/16-1536x1024.webp 1536w, https:\/\/orillasnuevas.org\/wp-content\/uploads\/2024\/12\/16-2048x1365.webp 2048w, https:\/\/orillasnuevas.org\/wp-content\/uploads\/2024\/12\/16-18x12.webp 18w, https:\/\/orillasnuevas.org\/wp-content\/uploads\/2024\/12\/16-930x620.webp 930w\" sizes=\"(max-width: 1024px) 100vw, 1024px\" \/><\/figure>\n<\/figure>\n\n\n\n<p>Ph <a href=\"https:\/\/www.instagram.com\/fotoadrisalgueiro\" target=\"_blank\" rel=\"noreferrer noopener\">Adri\u00e1n Salgueiro<\/a> et <a href=\"https:\/\/www.instagram.com\/marietavazquez_ph\/\" target=\"_blank\" rel=\"noreferrer noopener\">Marieta Vazquez<\/a>.<\/p>\n\n\n\n<p><\/p>","protected":false},"excerpt":{"rendered":"<p>La semana intensa e intensiva de l\u2019Atelier trat\u00f3 de ser un justo equilibrio entre la aceleraci\u00f3n de los proyectos y las necesidades de permanecer en una misma unidad de tiempo\/espacio para crear. Darnos el tiempo de conocernos, de tejer lazos nuevos, de resignificar los v\u00ednculos ya existentes y dejar suficiente tiempo y espacio a que puedan surgir nuevas formas.<\/p>","protected":false},"author":1,"featured_media":3961,"comment_status":"open","ping_status":"open","sticky":false,"template":"","format":"standard","meta":{"neve_meta_sidebar":"","neve_meta_container":"","neve_meta_enable_content_width":"","neve_meta_content_width":0,"neve_meta_title_alignment":"","neve_meta_author_avatar":"","neve_post_elements_order":"","neve_meta_disable_header":"","neve_meta_disable_footer":"","neve_meta_disable_title":"","footnotes":""},"categories":[10],"tags":[],"class_list":["post-3960","post","type-post","status-publish","format-standard","has-post-thumbnail","hentry","category-bitacora"],"yoast_head":"<!-- This site is optimized with the Yoast SEO plugin v27.4 - https:\/\/yoast.com\/product\/yoast-seo-wordpress\/ -->\n<title>Estar presente por Lucie Haguenauer - Orillas Nuevas<\/title>\n<meta name=\"robots\" content=\"index, follow, max-snippet:-1, max-image-preview:large, max-video-preview:-1\" \/>\n<link rel=\"canonical\" href=\"https:\/\/orillasnuevas.org\/fr\/bitacora\/estar-presente-por-lucie-haguenauer\/\" \/>\n<meta property=\"og:locale\" content=\"fr_FR\" \/>\n<meta property=\"og:type\" content=\"article\" \/>\n<meta property=\"og:title\" content=\"Estar presente por Lucie Haguenauer - Orillas Nuevas\" \/>\n<meta property=\"og:description\" content=\"La semana intensa e intensiva de l\u2019Atelier trat\u00f3 de ser un justo equilibrio entre la aceleraci\u00f3n de los proyectos y las necesidades de permanecer en una misma unidad de tiempo\/espacio para crear. Darnos el tiempo de conocernos, de tejer lazos nuevos, de resignificar los v\u00ednculos ya existentes y dejar suficiente tiempo y espacio a que puedan surgir nuevas formas.\" \/>\n<meta property=\"og:url\" content=\"https:\/\/orillasnuevas.org\/fr\/bitacora\/estar-presente-por-lucie-haguenauer\/\" \/>\n<meta property=\"og:site_name\" content=\"Orillas Nuevas\" \/>\n<meta property=\"article:published_time\" content=\"2024-12-13T16:28:04+00:00\" \/>\n<meta property=\"article:modified_time\" content=\"2024-12-13T16:34:00+00:00\" \/>\n<meta property=\"og:image\" content=\"https:\/\/orillasnuevas.org\/wp-content\/uploads\/2024\/12\/Bitacora-ON-1.png\" \/>\n\t<meta property=\"og:image:width\" content=\"1000\" \/>\n\t<meta property=\"og:image:height\" content=\"600\" \/>\n\t<meta property=\"og:image:type\" content=\"image\/png\" \/>\n<meta name=\"author\" content=\"orillasnuevasglosaestudio@gmail.com\" \/>\n<meta name=\"twitter:card\" content=\"summary_large_image\" \/>\n<meta name=\"twitter:label1\" content=\"\u00c9crit par\" \/>\n\t<meta name=\"twitter:data1\" content=\"orillasnuevasglosaestudio@gmail.com\" \/>\n\t<meta name=\"twitter:label2\" content=\"Dur\u00e9e de lecture estim\u00e9e\" \/>\n\t<meta name=\"twitter:data2\" content=\"3 minutes\" \/>\n<script type=\"application\/ld+json\" class=\"yoast-schema-graph\">{\"@context\":\"https:\\\/\\\/schema.org\",\"@graph\":[{\"@type\":\"Article\",\"@id\":\"https:\\\/\\\/orillasnuevas.org\\\/bitacora\\\/estar-presente-por-lucie-haguenauer\\\/#article\",\"isPartOf\":{\"@id\":\"https:\\\/\\\/orillasnuevas.org\\\/bitacora\\\/estar-presente-por-lucie-haguenauer\\\/\"},\"author\":{\"name\":\"orillasnuevasglosaestudio@gmail.com\",\"@id\":\"https:\\\/\\\/orillasnuevas.org\\\/fr\\\/#\\\/schema\\\/person\\\/e6d326b6c70c8b379ddbf522a8b90892\"},\"headline\":\"Estar presente por Lucie Haguenauer\",\"datePublished\":\"2024-12-13T16:28:04+00:00\",\"dateModified\":\"2024-12-13T16:34:00+00:00\",\"mainEntityOfPage\":{\"@id\":\"https:\\\/\\\/orillasnuevas.org\\\/bitacora\\\/estar-presente-por-lucie-haguenauer\\\/\"},\"wordCount\":315,\"commentCount\":0,\"publisher\":{\"@id\":\"https:\\\/\\\/orillasnuevas.org\\\/fr\\\/#organization\"},\"image\":{\"@id\":\"https:\\\/\\\/orillasnuevas.org\\\/bitacora\\\/estar-presente-por-lucie-haguenauer\\\/#primaryimage\"},\"thumbnailUrl\":\"https:\\\/\\\/orillasnuevas.org\\\/wp-content\\\/uploads\\\/2024\\\/12\\\/Bitacora-ON-1.png\",\"articleSection\":[\"Bit\u00e1cora\"],\"inLanguage\":\"fr-FR\",\"potentialAction\":[{\"@type\":\"CommentAction\",\"name\":\"Comment\",\"target\":[\"https:\\\/\\\/orillasnuevas.org\\\/bitacora\\\/estar-presente-por-lucie-haguenauer\\\/#respond\"]}]},{\"@type\":\"WebPage\",\"@id\":\"https:\\\/\\\/orillasnuevas.org\\\/bitacora\\\/estar-presente-por-lucie-haguenauer\\\/\",\"url\":\"https:\\\/\\\/orillasnuevas.org\\\/bitacora\\\/estar-presente-por-lucie-haguenauer\\\/\",\"name\":\"Estar presente por Lucie Haguenauer - Orillas Nuevas\",\"isPartOf\":{\"@id\":\"https:\\\/\\\/orillasnuevas.org\\\/fr\\\/#website\"},\"primaryImageOfPage\":{\"@id\":\"https:\\\/\\\/orillasnuevas.org\\\/bitacora\\\/estar-presente-por-lucie-haguenauer\\\/#primaryimage\"},\"image\":{\"@id\":\"https:\\\/\\\/orillasnuevas.org\\\/bitacora\\\/estar-presente-por-lucie-haguenauer\\\/#primaryimage\"},\"thumbnailUrl\":\"https:\\\/\\\/orillasnuevas.org\\\/wp-content\\\/uploads\\\/2024\\\/12\\\/Bitacora-ON-1.png\",\"datePublished\":\"2024-12-13T16:28:04+00:00\",\"dateModified\":\"2024-12-13T16:34:00+00:00\",\"breadcrumb\":{\"@id\":\"https:\\\/\\\/orillasnuevas.org\\\/bitacora\\\/estar-presente-por-lucie-haguenauer\\\/#breadcrumb\"},\"inLanguage\":\"fr-FR\",\"potentialAction\":[{\"@type\":\"ReadAction\",\"target\":[\"https:\\\/\\\/orillasnuevas.org\\\/bitacora\\\/estar-presente-por-lucie-haguenauer\\\/\"]}]},{\"@type\":\"ImageObject\",\"inLanguage\":\"fr-FR\",\"@id\":\"https:\\\/\\\/orillasnuevas.org\\\/bitacora\\\/estar-presente-por-lucie-haguenauer\\\/#primaryimage\",\"url\":\"https:\\\/\\\/orillasnuevas.org\\\/wp-content\\\/uploads\\\/2024\\\/12\\\/Bitacora-ON-1.png\",\"contentUrl\":\"https:\\\/\\\/orillasnuevas.org\\\/wp-content\\\/uploads\\\/2024\\\/12\\\/Bitacora-ON-1.png\",\"width\":1000,\"height\":600},{\"@type\":\"BreadcrumbList\",\"@id\":\"https:\\\/\\\/orillasnuevas.org\\\/bitacora\\\/estar-presente-por-lucie-haguenauer\\\/#breadcrumb\",\"itemListElement\":[{\"@type\":\"ListItem\",\"position\":1,\"name\":\"Inicio\",\"item\":\"https:\\\/\\\/orillasnuevas.org\\\/\"},{\"@type\":\"ListItem\",\"position\":2,\"name\":\"Estar presente por Lucie Haguenauer\"}]},{\"@type\":\"WebSite\",\"@id\":\"https:\\\/\\\/orillasnuevas.org\\\/fr\\\/#website\",\"url\":\"https:\\\/\\\/orillasnuevas.org\\\/fr\\\/\",\"name\":\"Orillas Nuevas\",\"description\":\"Programa de apoyo, financiamiento e internacionalizaci\u00f3n de las industrias culturales y creativas en Argentina organizado por el Institut fran\u00e7ais d\u2019Argentine.\",\"publisher\":{\"@id\":\"https:\\\/\\\/orillasnuevas.org\\\/fr\\\/#organization\"},\"potentialAction\":[{\"@type\":\"SearchAction\",\"target\":{\"@type\":\"EntryPoint\",\"urlTemplate\":\"https:\\\/\\\/orillasnuevas.org\\\/fr\\\/?s={search_term_string}\"},\"query-input\":{\"@type\":\"PropertyValueSpecification\",\"valueRequired\":true,\"valueName\":\"search_term_string\"}}],\"inLanguage\":\"fr-FR\"},{\"@type\":\"Organization\",\"@id\":\"https:\\\/\\\/orillasnuevas.org\\\/fr\\\/#organization\",\"name\":\"Orillas Nuevas\",\"url\":\"https:\\\/\\\/orillasnuevas.org\\\/fr\\\/\",\"logo\":{\"@type\":\"ImageObject\",\"inLanguage\":\"fr-FR\",\"@id\":\"https:\\\/\\\/orillasnuevas.org\\\/fr\\\/#\\\/schema\\\/logo\\\/image\\\/\",\"url\":\"https:\\\/\\\/orillasnuevas.org\\\/wp-content\\\/uploads\\\/2024\\\/09\\\/ON_Portada-FB.jpg\",\"contentUrl\":\"https:\\\/\\\/orillasnuevas.org\\\/wp-content\\\/uploads\\\/2024\\\/09\\\/ON_Portada-FB.jpg\",\"width\":1708,\"height\":750,\"caption\":\"Orillas Nuevas\"},\"image\":{\"@id\":\"https:\\\/\\\/orillasnuevas.org\\\/fr\\\/#\\\/schema\\\/logo\\\/image\\\/\"},\"sameAs\":[\"https:\\\/\\\/www.instagram.com\\\/orillasnuevas\"]},{\"@type\":\"Person\",\"@id\":\"https:\\\/\\\/orillasnuevas.org\\\/fr\\\/#\\\/schema\\\/person\\\/e6d326b6c70c8b379ddbf522a8b90892\",\"name\":\"orillasnuevasglosaestudio@gmail.com\",\"image\":{\"@type\":\"ImageObject\",\"inLanguage\":\"fr-FR\",\"@id\":\"https:\\\/\\\/secure.gravatar.com\\\/avatar\\\/374578686dfa4f3267b5847b5cfe2f24c6eff592537aac399605cd601a787bec?s=96&d=mm&r=g\",\"url\":\"https:\\\/\\\/secure.gravatar.com\\\/avatar\\\/374578686dfa4f3267b5847b5cfe2f24c6eff592537aac399605cd601a787bec?s=96&d=mm&r=g\",\"contentUrl\":\"https:\\\/\\\/secure.gravatar.com\\\/avatar\\\/374578686dfa4f3267b5847b5cfe2f24c6eff592537aac399605cd601a787bec?s=96&d=mm&r=g\",\"caption\":\"orillasnuevasglosaestudio@gmail.com\"},\"sameAs\":[\"http:\\\/\\\/orillasnuevas.org\"],\"url\":\"https:\\\/\\\/orillasnuevas.org\\\/fr\\\/author\\\/orillasnuevasglosaestudiogmail-com\\\/\"}]}<\/script>\n<!-- \/ Yoast SEO plugin. -->","yoast_head_json":{"title":"Estar presente por Lucie Haguenauer - Orillas Nuevas","robots":{"index":"index","follow":"follow","max-snippet":"max-snippet:-1","max-image-preview":"max-image-preview:large","max-video-preview":"max-video-preview:-1"},"canonical":"https:\/\/orillasnuevas.org\/fr\/bitacora\/estar-presente-por-lucie-haguenauer\/","og_locale":"fr_FR","og_type":"article","og_title":"Estar presente por Lucie Haguenauer - Orillas Nuevas","og_description":"La semana intensa e intensiva de l\u2019Atelier trat\u00f3 de ser un justo equilibrio entre la aceleraci\u00f3n de los proyectos y las necesidades de permanecer en una misma unidad de tiempo\/espacio para crear. Darnos el tiempo de conocernos, de tejer lazos nuevos, de resignificar los v\u00ednculos ya existentes y dejar suficiente tiempo y espacio a que puedan surgir nuevas formas.","og_url":"https:\/\/orillasnuevas.org\/fr\/bitacora\/estar-presente-por-lucie-haguenauer\/","og_site_name":"Orillas Nuevas","article_published_time":"2024-12-13T16:28:04+00:00","article_modified_time":"2024-12-13T16:34:00+00:00","og_image":[{"width":1000,"height":600,"url":"https:\/\/orillasnuevas.org\/wp-content\/uploads\/2024\/12\/Bitacora-ON-1.png","type":"image\/png"}],"author":"orillasnuevasglosaestudio@gmail.com","twitter_card":"summary_large_image","twitter_misc":{"\u00c9crit par":"orillasnuevasglosaestudio@gmail.com","Dur\u00e9e de lecture estim\u00e9e":"3 minutes"},"schema":{"@context":"https:\/\/schema.org","@graph":[{"@type":"Article","@id":"https:\/\/orillasnuevas.org\/bitacora\/estar-presente-por-lucie-haguenauer\/#article","isPartOf":{"@id":"https:\/\/orillasnuevas.org\/bitacora\/estar-presente-por-lucie-haguenauer\/"},"author":{"name":"orillasnuevasglosaestudio@gmail.com","@id":"https:\/\/orillasnuevas.org\/fr\/#\/schema\/person\/e6d326b6c70c8b379ddbf522a8b90892"},"headline":"Estar presente por Lucie Haguenauer","datePublished":"2024-12-13T16:28:04+00:00","dateModified":"2024-12-13T16:34:00+00:00","mainEntityOfPage":{"@id":"https:\/\/orillasnuevas.org\/bitacora\/estar-presente-por-lucie-haguenauer\/"},"wordCount":315,"commentCount":0,"publisher":{"@id":"https:\/\/orillasnuevas.org\/fr\/#organization"},"image":{"@id":"https:\/\/orillasnuevas.org\/bitacora\/estar-presente-por-lucie-haguenauer\/#primaryimage"},"thumbnailUrl":"https:\/\/orillasnuevas.org\/wp-content\/uploads\/2024\/12\/Bitacora-ON-1.png","articleSection":["Bit\u00e1cora"],"inLanguage":"fr-FR","potentialAction":[{"@type":"CommentAction","name":"Comment","target":["https:\/\/orillasnuevas.org\/bitacora\/estar-presente-por-lucie-haguenauer\/#respond"]}]},{"@type":"WebPage","@id":"https:\/\/orillasnuevas.org\/bitacora\/estar-presente-por-lucie-haguenauer\/","url":"https:\/\/orillasnuevas.org\/bitacora\/estar-presente-por-lucie-haguenauer\/","name":"Estar presente por Lucie Haguenauer - Orillas Nuevas","isPartOf":{"@id":"https:\/\/orillasnuevas.org\/fr\/#website"},"primaryImageOfPage":{"@id":"https:\/\/orillasnuevas.org\/bitacora\/estar-presente-por-lucie-haguenauer\/#primaryimage"},"image":{"@id":"https:\/\/orillasnuevas.org\/bitacora\/estar-presente-por-lucie-haguenauer\/#primaryimage"},"thumbnailUrl":"https:\/\/orillasnuevas.org\/wp-content\/uploads\/2024\/12\/Bitacora-ON-1.png","datePublished":"2024-12-13T16:28:04+00:00","dateModified":"2024-12-13T16:34:00+00:00","breadcrumb":{"@id":"https:\/\/orillasnuevas.org\/bitacora\/estar-presente-por-lucie-haguenauer\/#breadcrumb"},"inLanguage":"fr-FR","potentialAction":[{"@type":"ReadAction","target":["https:\/\/orillasnuevas.org\/bitacora\/estar-presente-por-lucie-haguenauer\/"]}]},{"@type":"ImageObject","inLanguage":"fr-FR","@id":"https:\/\/orillasnuevas.org\/bitacora\/estar-presente-por-lucie-haguenauer\/#primaryimage","url":"https:\/\/orillasnuevas.org\/wp-content\/uploads\/2024\/12\/Bitacora-ON-1.png","contentUrl":"https:\/\/orillasnuevas.org\/wp-content\/uploads\/2024\/12\/Bitacora-ON-1.png","width":1000,"height":600},{"@type":"BreadcrumbList","@id":"https:\/\/orillasnuevas.org\/bitacora\/estar-presente-por-lucie-haguenauer\/#breadcrumb","itemListElement":[{"@type":"ListItem","position":1,"name":"Inicio","item":"https:\/\/orillasnuevas.org\/"},{"@type":"ListItem","position":2,"name":"Estar presente por Lucie Haguenauer"}]},{"@type":"WebSite","@id":"https:\/\/orillasnuevas.org\/fr\/#website","url":"https:\/\/orillasnuevas.org\/fr\/","name":"Orillas Nuevas","description":"Programa de apoyo, financiamiento e internacionalizaci\u00f3n de las industrias culturales y creativas en Argentina organizado por el Institut fran\u00e7ais d\u2019Argentine.","publisher":{"@id":"https:\/\/orillasnuevas.org\/fr\/#organization"},"potentialAction":[{"@type":"SearchAction","target":{"@type":"EntryPoint","urlTemplate":"https:\/\/orillasnuevas.org\/fr\/?s={search_term_string}"},"query-input":{"@type":"PropertyValueSpecification","valueRequired":true,"valueName":"search_term_string"}}],"inLanguage":"fr-FR"},{"@type":"Organization","@id":"https:\/\/orillasnuevas.org\/fr\/#organization","name":"Orillas Nuevas","url":"https:\/\/orillasnuevas.org\/fr\/","logo":{"@type":"ImageObject","inLanguage":"fr-FR","@id":"https:\/\/orillasnuevas.org\/fr\/#\/schema\/logo\/image\/","url":"https:\/\/orillasnuevas.org\/wp-content\/uploads\/2024\/09\/ON_Portada-FB.jpg","contentUrl":"https:\/\/orillasnuevas.org\/wp-content\/uploads\/2024\/09\/ON_Portada-FB.jpg","width":1708,"height":750,"caption":"Orillas Nuevas"},"image":{"@id":"https:\/\/orillasnuevas.org\/fr\/#\/schema\/logo\/image\/"},"sameAs":["https:\/\/www.instagram.com\/orillasnuevas"]},{"@type":"Person","@id":"https:\/\/orillasnuevas.org\/fr\/#\/schema\/person\/e6d326b6c70c8b379ddbf522a8b90892","name":"orillasnuevasglosaestudio@gmail.com","image":{"@type":"ImageObject","inLanguage":"fr-FR","@id":"https:\/\/secure.gravatar.com\/avatar\/374578686dfa4f3267b5847b5cfe2f24c6eff592537aac399605cd601a787bec?s=96&d=mm&r=g","url":"https:\/\/secure.gravatar.com\/avatar\/374578686dfa4f3267b5847b5cfe2f24c6eff592537aac399605cd601a787bec?s=96&d=mm&r=g","contentUrl":"https:\/\/secure.gravatar.com\/avatar\/374578686dfa4f3267b5847b5cfe2f24c6eff592537aac399605cd601a787bec?s=96&d=mm&r=g","caption":"orillasnuevasglosaestudio@gmail.com"},"sameAs":["http:\/\/orillasnuevas.org"],"url":"https:\/\/orillasnuevas.org\/fr\/author\/orillasnuevasglosaestudiogmail-com\/"}]}},"_links":{"self":[{"href":"https:\/\/orillasnuevas.org\/fr\/wp-json\/wp\/v2\/posts\/3960","targetHints":{"allow":["GET"]}}],"collection":[{"href":"https:\/\/orillasnuevas.org\/fr\/wp-json\/wp\/v2\/posts"}],"about":[{"href":"https:\/\/orillasnuevas.org\/fr\/wp-json\/wp\/v2\/types\/post"}],"author":[{"embeddable":true,"href":"https:\/\/orillasnuevas.org\/fr\/wp-json\/wp\/v2\/users\/1"}],"replies":[{"embeddable":true,"href":"https:\/\/orillasnuevas.org\/fr\/wp-json\/wp\/v2\/comments?post=3960"}],"version-history":[{"count":5,"href":"https:\/\/orillasnuevas.org\/fr\/wp-json\/wp\/v2\/posts\/3960\/revisions"}],"predecessor-version":[{"id":3975,"href":"https:\/\/orillasnuevas.org\/fr\/wp-json\/wp\/v2\/posts\/3960\/revisions\/3975"}],"wp:featuredmedia":[{"embeddable":true,"href":"https:\/\/orillasnuevas.org\/fr\/wp-json\/wp\/v2\/media\/3961"}],"wp:attachment":[{"href":"https:\/\/orillasnuevas.org\/fr\/wp-json\/wp\/v2\/media?parent=3960"}],"wp:term":[{"taxonomy":"category","embeddable":true,"href":"https:\/\/orillasnuevas.org\/fr\/wp-json\/wp\/v2\/categories?post=3960"},{"taxonomy":"post_tag","embeddable":true,"href":"https:\/\/orillasnuevas.org\/fr\/wp-json\/wp\/v2\/tags?post=3960"}],"curies":[{"name":"wp","href":"https:\/\/api.w.org\/{rel}","templated":true}]}}