{"id":3977,"date":"2024-12-20T19:50:20","date_gmt":"2024-12-20T22:50:20","guid":{"rendered":"https:\/\/orillasnuevas.org\/?p=3977"},"modified":"2024-12-20T20:22:11","modified_gmt":"2024-12-20T23:22:11","slug":"un-mar-abierto-y-furioso-por-juan-urraco","status":"publish","type":"post","link":"https:\/\/orillasnuevas.org\/fr\/bitacora\/un-mar-abierto-y-furioso-por-juan-urraco\/","title":{"rendered":"Un mar abierto y furioso\u00a0por Juan Urraco"},"content":{"rendered":"<p>Argentina, 2024. En un oc\u00e9ano infinito de furia, donde las olas son como gigantes enfurecidos, un grupo de gestores y creativos argentinos, n\u00e1ufragos en las tormentas de la incertidumbre y la adversidad, luchan en un mar adverso que amenaza con hundir sus sue\u00f1os y consolidaciones. Pero no solo luchan por sobrevivir, sino por encontrar un refugio, una orilla donde recobrar los instrumentos para volver a ampliar sus horizontes, destacar sus historias y fortalecer sus iniciativas.&nbsp;<\/p>\n\n\n\n<p>En ese mar abierto, tomar\u00e1 la forma de un faro <strong>Orillas Nuevas<\/strong>, donde <strong>104 artistas y gestores culturales<\/strong> seleccionados de <strong>31 iniciativas <\/strong>llegan a la orilla y descubren un espacio de colaboraci\u00f3n, donde cada uno trae su unicidad al colectivo. Juntos, crean el h\u00e1bitat para el crecimiento, la originalidad y el intercambio que los guiar\u00e1.<\/p>\n\n\n\n<p>Al llegar, cada n\u00e1ufrago se presenta mediante una especie de ritual donde comparten sus historias y visiones en ese nuevo entorno que es<strong> l\u00b4Atelier<\/strong>. A trav\u00e9s de este proceso de presentaci\u00f3n comienza a configurarse la idea de un &#8220;<strong>nosotros<\/strong>&#8220;. Aunque cada proyecto es \u00fanico, el acto de compartir crea lazos inmediatos entre los participantes, fomentando un sentido de pertenencia y colaboraci\u00f3n. Este &#8220;<strong>nosotros<\/strong>&#8221; se convierte r\u00e1pidamente en una <strong>comunidad<\/strong> donde las diferencias se celebran y se convierten en una fuente de fortaleza. La orilla ahora s\u00ed se configura como tal y se transforma en un punto de encuentro y de inspiraci\u00f3n, creando un ecosistema cultural vibrante y din\u00e1mico. Ahora esta orilla no es solo un destino, sino un espacio seguro del alud de desastres globales, donde la multiplicidad de voces da lugar a un<strong> parlamento cultural interdisciplinario,<\/strong> exquisito.\u00a0<\/p>\n\n\n\n<p>El parlamento empieza a sesionar. La selecci\u00f3n de los 31 proyectos representa una escena federal <strong>descentralizada y multidisciplinar, <\/strong>un escenario que refleja la complejidad y riqueza de la cultura contempor\u00e1nea en Argentina. En un mundo cada vez m\u00e1s interconectado, estos proyectos desaf\u00edan las nociones tradicionales de espacio y disciplina, creando <strong>un mosaico cultural que trasciende e implosiona las fronteras art\u00edsticas.<\/strong> La colaboraci\u00f3n entre diferentes disciplinas fomenta la experimentaci\u00f3n y la creatividad, desdibujando las l\u00edneas entre el arte y la vida cotidiana, entre el presente y el pasado. Lo ordinario y&nbsp; lo sofisticado. Lo anal\u00f3gico y lo digital.&nbsp;<\/p>\n\n\n\n<p>Las instancias de formaci\u00f3n dise\u00f1adas para <strong><strong>l\u00b4Atelier<\/strong><\/strong>, facilitan un enriquecimiento en los intercambios y espacios de escucha, fortaleciendo la noci\u00f3n de un \u201c<em>nosotros<\/em>\u201d como comunidad colaborativa. Una grilla de dispositivos formativos basados en la <strong>confianza<\/strong>, donde, al abordar dificultades y errores personales, tambi\u00e9n se iluminaron las diferencias dentro del parlamento.\u00a0 Podemos identificar entonces a<strong> los navegantes, los exploradores y los recolectores<\/strong>.\u00a0<\/p>\n\n\n\n<p><strong>Los navegantes<\/strong> son aquellos que ya est\u00e1n listos para volver a las aguas y cruzar el oc\u00e9ano. Se caracterizan por su confianza y preparaci\u00f3n y est\u00e1n listos para lanzarse a la traves\u00eda, asumir riesgos y abordar nuevos desaf\u00edos. La internacionalizaci\u00f3n y apertura de nuevos mercados podr\u00eda ser su norte principal. <strong>Los exploradores<\/strong>, que se encuentran en estado de incubaci\u00f3n, revisan y reflexionan sobre las decisiones y caminos planteados. Est\u00e1n en un proceso de autoevaluaci\u00f3n, reconsiderando sus elecciones y el rumbo de su pr\u00e1ctica art\u00edstica. Este tiempo de introspecci\u00f3n de <strong><strong>l\u00b4Atelier<\/strong><\/strong> les permiti\u00f3 recoger ideas y fortalecer su base antes de avanzar, asegurando que sus pr\u00f3ximos pasos est\u00e9n alineados con sus verdaderas aspiraciones y prop\u00f3sitos. Y por \u00faltimo <strong>los recolectores,<\/strong> quienes estuvieron absorbiendo criteriosa y selectivamente aquellos recursos y conocimientos para salir a flote lo m\u00e1s preparados posible, en un entorno que reconocen desafiante pero al que est\u00e1n dispuestos a enfrentar. Advierten sobre la importancia de adaptarse a las circunstancias y se enfocan en recolectar con astucia &#8220;ramas y alimentos&#8221;, es decir, herramientas y conocimientos espec\u00edficos que les proporcionen la fortaleza y el impulso necesarios para enfrentar el oc\u00e9ano bravo y tormentoso que se avecina para sus proyectos.<\/p>\n\n\n\n<p>El enfoque del programa de <strong>l\u00b4Atelier<\/strong> dej\u00f3 un margen honesto y necesario para la alteridad, la empat\u00eda y el debate sobre diversos temas comunes, aport\u00e1ndole una identidad m\u00e1s profunda y n\u00edtida al parlamento como tal. Los espacios de transferencia habilitaron entornos que supieron guiar a los participantes en su proceso de aprendizaje y desarrollo. Proporcionaron coordenadas espec\u00edficas, direcciones claras sobre c\u00f3mo avanzar en los proyectos y le permiti\u00f3 a los participantes ajustar su rumbo seg\u00fan sea necesario, utilizando<strong> la Br\u00fajula <\/strong>para reorientarse<strong> y el Mapa <\/strong>para redise\u00f1ar su trayectoria.<\/p>\n\n\n\n<h2 class=\"wp-block-heading\"><strong>LA ORILLA NOS ESPERA<\/strong><\/h2>\n\n\n\n<p>Esta conexi\u00f3n internacional propuesta por <strong><em>Orillas Nuevas<\/em><\/strong> result\u00f3 una plataforma fundamental para construir un futuro donde la cultura siga siendo un pilar esencial de la sociedad, capaz de inspirar y unir a las comunidades en medio de la adversidad. A trav\u00e9s de iniciativas que promueven el intercambio cultural, la innovaci\u00f3n y la resiliencia art\u00edstica, se demuestra que la cultura no solo es un refugio, sino tambi\u00e9n una herramienta poderosa para la transformaci\u00f3n e imaginaci\u00f3n de otros futuros posibles, dando lugar a lo que Claire Dupont llamar\u00e1 como \u201c<strong><em>aquellas utop\u00edas en las que vamos a vivir<\/em><\/strong>.<\/p>\n\n\n\n<p>El desaf\u00edo queda planteado: <strong><em>\u00bfC\u00f3mo podemos vivir juntos ante la cat\u00e1strofe que se avecina?<\/em><\/strong> Pareciera que una respuesta posible ser\u00eda priorizar el encuentro humano como objeto y proceso y lo vincular como la m\u00e1s sofisticada tecnolog\u00eda que tenemos al alcance, luego siempre viene la creaci\u00f3n. Una suerte de fe y profunda confianza en el arte y la producci\u00f3n cultural, en la potencia de la imaginaci\u00f3n art\u00edstica que, en palabras de Graciela Speranza <strong>\u201c<\/strong><em>puede cifrar en sus formas met\u00e1foras del presente y anticipaciones del futuro y tramar redes sin\u00e9rgicas de trabajo colectivo\u201d<\/em>. Modelos abiertos y situados en una <strong>metadisciplina<\/strong> que sea atravesada por la libertad, la diversidad, la convivencia y que introduzcan<strong> la alteridad <\/strong>como horizonte.&nbsp;<\/p>\n\n\n\n<p>Con renovada energ\u00eda y una comunidad fortalecida, estos gestores culturales se preparan para regresar al oc\u00e9ano. Su misi\u00f3n: alcanzar nuevas orillas y buscar a otros n\u00e1ufragos que, como ellos, necesitan un lugar seguro. En esta din\u00e1mica de dar y recibir, de encontrar y ser encontrados, se establece un ciclo virtuoso de solidaridad que trasciende las olas, transformando la adversidad en una oportunidad para el renacimiento cultural.<\/p>\n\n\n\n<p><em>Por <a href=\"https:\/\/www.instagram.com\/lordpuchi\/\" target=\"_blank\" rel=\"noreferrer noopener\">Juan Urraco<\/a><\/em>.<\/p>\n\n\n\n<p>Dr. en Artes. Especialistas en gesti\u00f3n de proyectos culturales y creativos.<\/p>\n\n\n\n<figure class=\"wp-block-gallery has-nested-images columns-default is-cropped wp-block-gallery-1 is-layout-flex wp-block-gallery-is-layout-flex\">\n<figure class=\"wp-block-image size-large\"><img fetchpriority=\"high\" decoding=\"async\" width=\"1024\" height=\"683\" data-id=\"3987\" src=\"https:\/\/orillasnuevas.org\/wp-content\/uploads\/2024\/12\/MG_5142-1024x683.jpg\" alt=\"\" class=\"wp-image-3987\" srcset=\"https:\/\/orillasnuevas.org\/wp-content\/uploads\/2024\/12\/MG_5142-1024x683.jpg 1024w, https:\/\/orillasnuevas.org\/wp-content\/uploads\/2024\/12\/MG_5142-300x200.jpg 300w, https:\/\/orillasnuevas.org\/wp-content\/uploads\/2024\/12\/MG_5142-768x512.jpg 768w, https:\/\/orillasnuevas.org\/wp-content\/uploads\/2024\/12\/MG_5142-1536x1024.jpg 1536w, https:\/\/orillasnuevas.org\/wp-content\/uploads\/2024\/12\/MG_5142-2048x1365.jpg 2048w, https:\/\/orillasnuevas.org\/wp-content\/uploads\/2024\/12\/MG_5142-18x12.jpg 18w, https:\/\/orillasnuevas.org\/wp-content\/uploads\/2024\/12\/MG_5142-930x620.jpg 930w\" sizes=\"(max-width: 1024px) 100vw, 1024px\" \/><\/figure>\n\n\n\n<figure class=\"wp-block-image size-large\"><img decoding=\"async\" width=\"1024\" height=\"683\" data-id=\"3983\" src=\"https:\/\/orillasnuevas.org\/wp-content\/uploads\/2024\/12\/MG_5091-1024x683.jpg\" alt=\"\" class=\"wp-image-3983\" srcset=\"https:\/\/orillasnuevas.org\/wp-content\/uploads\/2024\/12\/MG_5091-1024x683.jpg 1024w, https:\/\/orillasnuevas.org\/wp-content\/uploads\/2024\/12\/MG_5091-300x200.jpg 300w, https:\/\/orillasnuevas.org\/wp-content\/uploads\/2024\/12\/MG_5091-768x512.jpg 768w, https:\/\/orillasnuevas.org\/wp-content\/uploads\/2024\/12\/MG_5091-1536x1024.jpg 1536w, https:\/\/orillasnuevas.org\/wp-content\/uploads\/2024\/12\/MG_5091-2048x1365.jpg 2048w, https:\/\/orillasnuevas.org\/wp-content\/uploads\/2024\/12\/MG_5091-18x12.jpg 18w, https:\/\/orillasnuevas.org\/wp-content\/uploads\/2024\/12\/MG_5091-930x620.jpg 930w\" sizes=\"(max-width: 1024px) 100vw, 1024px\" \/><\/figure>\n\n\n\n<figure class=\"wp-block-image size-large\"><img decoding=\"async\" width=\"2560\" height=\"1707\" data-id=\"3982\" src=\"https:\/\/orillasnuevas.org\/wp-content\/uploads\/2024\/12\/IMG_0054-scaled.jpg\" alt=\"\" class=\"wp-image-3982\" srcset=\"https:\/\/orillasnuevas.org\/wp-content\/uploads\/2024\/12\/IMG_0054-scaled.jpg 2560w, https:\/\/orillasnuevas.org\/wp-content\/uploads\/2024\/12\/IMG_0054-300x200.jpg 300w\" sizes=\"(max-width: 2560px) 100vw, 2560px\" \/><\/figure>\n\n\n\n<figure class=\"wp-block-image size-large\"><img loading=\"lazy\" decoding=\"async\" width=\"1024\" height=\"683\" data-id=\"3986\" src=\"https:\/\/orillasnuevas.org\/wp-content\/uploads\/2024\/12\/MG_5137-1024x683.jpg\" alt=\"\" class=\"wp-image-3986\" srcset=\"https:\/\/orillasnuevas.org\/wp-content\/uploads\/2024\/12\/MG_5137-1024x683.jpg 1024w, https:\/\/orillasnuevas.org\/wp-content\/uploads\/2024\/12\/MG_5137-300x200.jpg 300w, https:\/\/orillasnuevas.org\/wp-content\/uploads\/2024\/12\/MG_5137-768x512.jpg 768w\" sizes=\"(max-width: 1024px) 100vw, 1024px\" \/><\/figure>\n\n\n\n<figure class=\"wp-block-image size-large\"><img loading=\"lazy\" decoding=\"async\" width=\"2560\" height=\"1707\" data-id=\"3981\" src=\"https:\/\/orillasnuevas.org\/wp-content\/uploads\/2024\/12\/IMG_0032-scaled.jpg\" alt=\"\" class=\"wp-image-3981\" srcset=\"https:\/\/orillasnuevas.org\/wp-content\/uploads\/2024\/12\/IMG_0032-scaled.jpg 2560w, https:\/\/orillasnuevas.org\/wp-content\/uploads\/2024\/12\/IMG_0032-300x200.jpg 300w\" sizes=\"(max-width: 2560px) 100vw, 2560px\" \/><\/figure>\n<\/figure>\n\n\n\n<p>Ph\u00a0<a href=\"https:\/\/www.instagram.com\/fotoadrisalgueiro\" target=\"_blank\" rel=\"noreferrer noopener\">Adri\u00e1n Salgueiro<\/a>\u00a0et\u00a0<a href=\"https:\/\/www.instagram.com\/marietavazquez_ph\/\" target=\"_blank\" rel=\"noreferrer noopener\">Marieta Vazquez<\/a>.<\/p>","protected":false},"excerpt":{"rendered":"<p>En un oc\u00e9ano infinito de furia, donde las olas son como gigantes enfurecidos, un grupo de gestores y creativos argentinos, n\u00e1ufragos en las tormentas de la incertidumbre y la adversidad, luchan en un mar adverso que amenaza con hundir sus sue\u00f1os y consolidaciones. Pero no solo luchan por sobrevivir, sino por encontrar un refugio, una orilla donde recobrar los instrumentos para volver a ampliar sus horizontes, destacar sus historias y fortalecer sus iniciativas.\u00a0<\/p>","protected":false},"author":1,"featured_media":0,"comment_status":"open","ping_status":"open","sticky":false,"template":"","format":"standard","meta":{"neve_meta_sidebar":"","neve_meta_container":"","neve_meta_enable_content_width":"","neve_meta_content_width":0,"neve_meta_title_alignment":"","neve_meta_author_avatar":"","neve_post_elements_order":"","neve_meta_disable_header":"","neve_meta_disable_footer":"","neve_meta_disable_title":"","footnotes":""},"categories":[10],"tags":[],"class_list":["post-3977","post","type-post","status-publish","format-standard","hentry","category-bitacora"],"yoast_head":"<!-- This site is optimized with the Yoast SEO plugin v27.4 - https:\/\/yoast.com\/product\/yoast-seo-wordpress\/ -->\n<title>Un mar abierto y furioso\u00a0por Juan Urraco - Orillas Nuevas<\/title>\n<meta name=\"robots\" content=\"index, follow, max-snippet:-1, max-image-preview:large, max-video-preview:-1\" \/>\n<link rel=\"canonical\" href=\"https:\/\/orillasnuevas.org\/fr\/bitacora\/un-mar-abierto-y-furioso-por-juan-urraco\/\" \/>\n<meta property=\"og:locale\" content=\"fr_FR\" \/>\n<meta property=\"og:type\" content=\"article\" \/>\n<meta property=\"og:title\" content=\"Un mar abierto y furioso\u00a0por Juan Urraco - Orillas Nuevas\" \/>\n<meta property=\"og:description\" content=\"En un oc\u00e9ano infinito de furia, donde las olas son como gigantes enfurecidos, un grupo de gestores y creativos argentinos, n\u00e1ufragos en las tormentas de la incertidumbre y la adversidad, luchan en un mar adverso que amenaza con hundir sus sue\u00f1os y consolidaciones. Pero no solo luchan por sobrevivir, sino por encontrar un refugio, una orilla donde recobrar los instrumentos para volver a ampliar sus horizontes, destacar sus historias y fortalecer sus iniciativas.\u00a0\" \/>\n<meta property=\"og:url\" content=\"https:\/\/orillasnuevas.org\/fr\/bitacora\/un-mar-abierto-y-furioso-por-juan-urraco\/\" \/>\n<meta property=\"og:site_name\" content=\"Orillas Nuevas\" \/>\n<meta property=\"article:published_time\" content=\"2024-12-20T22:50:20+00:00\" \/>\n<meta property=\"article:modified_time\" content=\"2024-12-20T23:22:11+00:00\" \/>\n<meta property=\"og:image\" content=\"https:\/\/orillasnuevas.org\/wp-content\/uploads\/2024\/12\/MG_5142-scaled.jpg\" \/>\n\t<meta property=\"og:image:width\" content=\"2560\" \/>\n\t<meta property=\"og:image:height\" content=\"1707\" \/>\n\t<meta property=\"og:image:type\" content=\"image\/jpeg\" \/>\n<meta name=\"author\" content=\"orillasnuevasglosaestudio@gmail.com\" \/>\n<meta name=\"twitter:card\" content=\"summary_large_image\" \/>\n<meta name=\"twitter:label1\" content=\"\u00c9crit par\" \/>\n\t<meta name=\"twitter:data1\" content=\"orillasnuevasglosaestudio@gmail.com\" \/>\n\t<meta name=\"twitter:label2\" content=\"Dur\u00e9e de lecture estim\u00e9e\" \/>\n\t<meta name=\"twitter:data2\" content=\"6 minutes\" \/>\n<script type=\"application\/ld+json\" class=\"yoast-schema-graph\">{\"@context\":\"https:\\\/\\\/schema.org\",\"@graph\":[{\"@type\":\"Article\",\"@id\":\"https:\\\/\\\/orillasnuevas.org\\\/bitacora\\\/un-mar-abierto-y-furioso-por-juan-urraco\\\/#article\",\"isPartOf\":{\"@id\":\"https:\\\/\\\/orillasnuevas.org\\\/bitacora\\\/un-mar-abierto-y-furioso-por-juan-urraco\\\/\"},\"author\":{\"name\":\"orillasnuevasglosaestudio@gmail.com\",\"@id\":\"https:\\\/\\\/orillasnuevas.org\\\/fr\\\/#\\\/schema\\\/person\\\/e6d326b6c70c8b379ddbf522a8b90892\"},\"headline\":\"Un mar abierto y furioso\u00a0por Juan Urraco\",\"datePublished\":\"2024-12-20T22:50:20+00:00\",\"dateModified\":\"2024-12-20T23:22:11+00:00\",\"mainEntityOfPage\":{\"@id\":\"https:\\\/\\\/orillasnuevas.org\\\/bitacora\\\/un-mar-abierto-y-furioso-por-juan-urraco\\\/\"},\"wordCount\":1106,\"commentCount\":0,\"publisher\":{\"@id\":\"https:\\\/\\\/orillasnuevas.org\\\/fr\\\/#organization\"},\"image\":{\"@id\":\"https:\\\/\\\/orillasnuevas.org\\\/bitacora\\\/un-mar-abierto-y-furioso-por-juan-urraco\\\/#primaryimage\"},\"thumbnailUrl\":\"https:\\\/\\\/orillasnuevas.org\\\/wp-content\\\/uploads\\\/2024\\\/12\\\/MG_5142-1024x683.jpg\",\"articleSection\":[\"Bit\u00e1cora\"],\"inLanguage\":\"fr-FR\",\"potentialAction\":[{\"@type\":\"CommentAction\",\"name\":\"Comment\",\"target\":[\"https:\\\/\\\/orillasnuevas.org\\\/bitacora\\\/un-mar-abierto-y-furioso-por-juan-urraco\\\/#respond\"]}]},{\"@type\":\"WebPage\",\"@id\":\"https:\\\/\\\/orillasnuevas.org\\\/bitacora\\\/un-mar-abierto-y-furioso-por-juan-urraco\\\/\",\"url\":\"https:\\\/\\\/orillasnuevas.org\\\/bitacora\\\/un-mar-abierto-y-furioso-por-juan-urraco\\\/\",\"name\":\"Un mar abierto y furioso\u00a0por Juan Urraco - Orillas Nuevas\",\"isPartOf\":{\"@id\":\"https:\\\/\\\/orillasnuevas.org\\\/fr\\\/#website\"},\"primaryImageOfPage\":{\"@id\":\"https:\\\/\\\/orillasnuevas.org\\\/bitacora\\\/un-mar-abierto-y-furioso-por-juan-urraco\\\/#primaryimage\"},\"image\":{\"@id\":\"https:\\\/\\\/orillasnuevas.org\\\/bitacora\\\/un-mar-abierto-y-furioso-por-juan-urraco\\\/#primaryimage\"},\"thumbnailUrl\":\"https:\\\/\\\/orillasnuevas.org\\\/wp-content\\\/uploads\\\/2024\\\/12\\\/MG_5142-1024x683.jpg\",\"datePublished\":\"2024-12-20T22:50:20+00:00\",\"dateModified\":\"2024-12-20T23:22:11+00:00\",\"breadcrumb\":{\"@id\":\"https:\\\/\\\/orillasnuevas.org\\\/bitacora\\\/un-mar-abierto-y-furioso-por-juan-urraco\\\/#breadcrumb\"},\"inLanguage\":\"fr-FR\",\"potentialAction\":[{\"@type\":\"ReadAction\",\"target\":[\"https:\\\/\\\/orillasnuevas.org\\\/bitacora\\\/un-mar-abierto-y-furioso-por-juan-urraco\\\/\"]}]},{\"@type\":\"ImageObject\",\"inLanguage\":\"fr-FR\",\"@id\":\"https:\\\/\\\/orillasnuevas.org\\\/bitacora\\\/un-mar-abierto-y-furioso-por-juan-urraco\\\/#primaryimage\",\"url\":\"https:\\\/\\\/orillasnuevas.org\\\/wp-content\\\/uploads\\\/2024\\\/12\\\/MG_5142-1024x683.jpg\",\"contentUrl\":\"https:\\\/\\\/orillasnuevas.org\\\/wp-content\\\/uploads\\\/2024\\\/12\\\/MG_5142-1024x683.jpg\"},{\"@type\":\"BreadcrumbList\",\"@id\":\"https:\\\/\\\/orillasnuevas.org\\\/bitacora\\\/un-mar-abierto-y-furioso-por-juan-urraco\\\/#breadcrumb\",\"itemListElement\":[{\"@type\":\"ListItem\",\"position\":1,\"name\":\"Inicio\",\"item\":\"https:\\\/\\\/orillasnuevas.org\\\/\"},{\"@type\":\"ListItem\",\"position\":2,\"name\":\"Un mar abierto y furioso\u00a0por Juan Urraco\"}]},{\"@type\":\"WebSite\",\"@id\":\"https:\\\/\\\/orillasnuevas.org\\\/fr\\\/#website\",\"url\":\"https:\\\/\\\/orillasnuevas.org\\\/fr\\\/\",\"name\":\"Orillas Nuevas\",\"description\":\"Programa de apoyo, financiamiento e internacionalizaci\u00f3n de las industrias culturales y creativas en Argentina organizado por el Institut fran\u00e7ais d\u2019Argentine.\",\"publisher\":{\"@id\":\"https:\\\/\\\/orillasnuevas.org\\\/fr\\\/#organization\"},\"potentialAction\":[{\"@type\":\"SearchAction\",\"target\":{\"@type\":\"EntryPoint\",\"urlTemplate\":\"https:\\\/\\\/orillasnuevas.org\\\/fr\\\/?s={search_term_string}\"},\"query-input\":{\"@type\":\"PropertyValueSpecification\",\"valueRequired\":true,\"valueName\":\"search_term_string\"}}],\"inLanguage\":\"fr-FR\"},{\"@type\":\"Organization\",\"@id\":\"https:\\\/\\\/orillasnuevas.org\\\/fr\\\/#organization\",\"name\":\"Orillas Nuevas\",\"url\":\"https:\\\/\\\/orillasnuevas.org\\\/fr\\\/\",\"logo\":{\"@type\":\"ImageObject\",\"inLanguage\":\"fr-FR\",\"@id\":\"https:\\\/\\\/orillasnuevas.org\\\/fr\\\/#\\\/schema\\\/logo\\\/image\\\/\",\"url\":\"https:\\\/\\\/orillasnuevas.org\\\/wp-content\\\/uploads\\\/2024\\\/09\\\/ON_Portada-FB.jpg\",\"contentUrl\":\"https:\\\/\\\/orillasnuevas.org\\\/wp-content\\\/uploads\\\/2024\\\/09\\\/ON_Portada-FB.jpg\",\"width\":1708,\"height\":750,\"caption\":\"Orillas Nuevas\"},\"image\":{\"@id\":\"https:\\\/\\\/orillasnuevas.org\\\/fr\\\/#\\\/schema\\\/logo\\\/image\\\/\"},\"sameAs\":[\"https:\\\/\\\/www.instagram.com\\\/orillasnuevas\"]},{\"@type\":\"Person\",\"@id\":\"https:\\\/\\\/orillasnuevas.org\\\/fr\\\/#\\\/schema\\\/person\\\/e6d326b6c70c8b379ddbf522a8b90892\",\"name\":\"orillasnuevasglosaestudio@gmail.com\",\"image\":{\"@type\":\"ImageObject\",\"inLanguage\":\"fr-FR\",\"@id\":\"https:\\\/\\\/secure.gravatar.com\\\/avatar\\\/374578686dfa4f3267b5847b5cfe2f24c6eff592537aac399605cd601a787bec?s=96&d=mm&r=g\",\"url\":\"https:\\\/\\\/secure.gravatar.com\\\/avatar\\\/374578686dfa4f3267b5847b5cfe2f24c6eff592537aac399605cd601a787bec?s=96&d=mm&r=g\",\"contentUrl\":\"https:\\\/\\\/secure.gravatar.com\\\/avatar\\\/374578686dfa4f3267b5847b5cfe2f24c6eff592537aac399605cd601a787bec?s=96&d=mm&r=g\",\"caption\":\"orillasnuevasglosaestudio@gmail.com\"},\"sameAs\":[\"http:\\\/\\\/orillasnuevas.org\"],\"url\":\"https:\\\/\\\/orillasnuevas.org\\\/fr\\\/author\\\/orillasnuevasglosaestudiogmail-com\\\/\"}]}<\/script>\n<!-- \/ Yoast SEO plugin. -->","yoast_head_json":{"title":"Un mar abierto y furioso\u00a0por Juan Urraco - Orillas Nuevas","robots":{"index":"index","follow":"follow","max-snippet":"max-snippet:-1","max-image-preview":"max-image-preview:large","max-video-preview":"max-video-preview:-1"},"canonical":"https:\/\/orillasnuevas.org\/fr\/bitacora\/un-mar-abierto-y-furioso-por-juan-urraco\/","og_locale":"fr_FR","og_type":"article","og_title":"Un mar abierto y furioso\u00a0por Juan Urraco - Orillas Nuevas","og_description":"En un oc\u00e9ano infinito de furia, donde las olas son como gigantes enfurecidos, un grupo de gestores y creativos argentinos, n\u00e1ufragos en las tormentas de la incertidumbre y la adversidad, luchan en un mar adverso que amenaza con hundir sus sue\u00f1os y consolidaciones. Pero no solo luchan por sobrevivir, sino por encontrar un refugio, una orilla donde recobrar los instrumentos para volver a ampliar sus horizontes, destacar sus historias y fortalecer sus iniciativas.\u00a0","og_url":"https:\/\/orillasnuevas.org\/fr\/bitacora\/un-mar-abierto-y-furioso-por-juan-urraco\/","og_site_name":"Orillas Nuevas","article_published_time":"2024-12-20T22:50:20+00:00","article_modified_time":"2024-12-20T23:22:11+00:00","og_image":[{"width":2560,"height":1707,"url":"https:\/\/orillasnuevas.org\/wp-content\/uploads\/2024\/12\/MG_5142-scaled.jpg","type":"image\/jpeg"}],"author":"orillasnuevasglosaestudio@gmail.com","twitter_card":"summary_large_image","twitter_misc":{"\u00c9crit par":"orillasnuevasglosaestudio@gmail.com","Dur\u00e9e de lecture estim\u00e9e":"6 minutes"},"schema":{"@context":"https:\/\/schema.org","@graph":[{"@type":"Article","@id":"https:\/\/orillasnuevas.org\/bitacora\/un-mar-abierto-y-furioso-por-juan-urraco\/#article","isPartOf":{"@id":"https:\/\/orillasnuevas.org\/bitacora\/un-mar-abierto-y-furioso-por-juan-urraco\/"},"author":{"name":"orillasnuevasglosaestudio@gmail.com","@id":"https:\/\/orillasnuevas.org\/fr\/#\/schema\/person\/e6d326b6c70c8b379ddbf522a8b90892"},"headline":"Un mar abierto y furioso\u00a0por Juan Urraco","datePublished":"2024-12-20T22:50:20+00:00","dateModified":"2024-12-20T23:22:11+00:00","mainEntityOfPage":{"@id":"https:\/\/orillasnuevas.org\/bitacora\/un-mar-abierto-y-furioso-por-juan-urraco\/"},"wordCount":1106,"commentCount":0,"publisher":{"@id":"https:\/\/orillasnuevas.org\/fr\/#organization"},"image":{"@id":"https:\/\/orillasnuevas.org\/bitacora\/un-mar-abierto-y-furioso-por-juan-urraco\/#primaryimage"},"thumbnailUrl":"https:\/\/orillasnuevas.org\/wp-content\/uploads\/2024\/12\/MG_5142-1024x683.jpg","articleSection":["Bit\u00e1cora"],"inLanguage":"fr-FR","potentialAction":[{"@type":"CommentAction","name":"Comment","target":["https:\/\/orillasnuevas.org\/bitacora\/un-mar-abierto-y-furioso-por-juan-urraco\/#respond"]}]},{"@type":"WebPage","@id":"https:\/\/orillasnuevas.org\/bitacora\/un-mar-abierto-y-furioso-por-juan-urraco\/","url":"https:\/\/orillasnuevas.org\/bitacora\/un-mar-abierto-y-furioso-por-juan-urraco\/","name":"Un mar abierto y furioso\u00a0por Juan Urraco - Orillas Nuevas","isPartOf":{"@id":"https:\/\/orillasnuevas.org\/fr\/#website"},"primaryImageOfPage":{"@id":"https:\/\/orillasnuevas.org\/bitacora\/un-mar-abierto-y-furioso-por-juan-urraco\/#primaryimage"},"image":{"@id":"https:\/\/orillasnuevas.org\/bitacora\/un-mar-abierto-y-furioso-por-juan-urraco\/#primaryimage"},"thumbnailUrl":"https:\/\/orillasnuevas.org\/wp-content\/uploads\/2024\/12\/MG_5142-1024x683.jpg","datePublished":"2024-12-20T22:50:20+00:00","dateModified":"2024-12-20T23:22:11+00:00","breadcrumb":{"@id":"https:\/\/orillasnuevas.org\/bitacora\/un-mar-abierto-y-furioso-por-juan-urraco\/#breadcrumb"},"inLanguage":"fr-FR","potentialAction":[{"@type":"ReadAction","target":["https:\/\/orillasnuevas.org\/bitacora\/un-mar-abierto-y-furioso-por-juan-urraco\/"]}]},{"@type":"ImageObject","inLanguage":"fr-FR","@id":"https:\/\/orillasnuevas.org\/bitacora\/un-mar-abierto-y-furioso-por-juan-urraco\/#primaryimage","url":"https:\/\/orillasnuevas.org\/wp-content\/uploads\/2024\/12\/MG_5142-1024x683.jpg","contentUrl":"https:\/\/orillasnuevas.org\/wp-content\/uploads\/2024\/12\/MG_5142-1024x683.jpg"},{"@type":"BreadcrumbList","@id":"https:\/\/orillasnuevas.org\/bitacora\/un-mar-abierto-y-furioso-por-juan-urraco\/#breadcrumb","itemListElement":[{"@type":"ListItem","position":1,"name":"Inicio","item":"https:\/\/orillasnuevas.org\/"},{"@type":"ListItem","position":2,"name":"Un mar abierto y furioso\u00a0por Juan Urraco"}]},{"@type":"WebSite","@id":"https:\/\/orillasnuevas.org\/fr\/#website","url":"https:\/\/orillasnuevas.org\/fr\/","name":"Orillas Nuevas","description":"Programa de apoyo, financiamiento e internacionalizaci\u00f3n de las industrias culturales y creativas en Argentina organizado por el Institut fran\u00e7ais d\u2019Argentine.","publisher":{"@id":"https:\/\/orillasnuevas.org\/fr\/#organization"},"potentialAction":[{"@type":"SearchAction","target":{"@type":"EntryPoint","urlTemplate":"https:\/\/orillasnuevas.org\/fr\/?s={search_term_string}"},"query-input":{"@type":"PropertyValueSpecification","valueRequired":true,"valueName":"search_term_string"}}],"inLanguage":"fr-FR"},{"@type":"Organization","@id":"https:\/\/orillasnuevas.org\/fr\/#organization","name":"Orillas Nuevas","url":"https:\/\/orillasnuevas.org\/fr\/","logo":{"@type":"ImageObject","inLanguage":"fr-FR","@id":"https:\/\/orillasnuevas.org\/fr\/#\/schema\/logo\/image\/","url":"https:\/\/orillasnuevas.org\/wp-content\/uploads\/2024\/09\/ON_Portada-FB.jpg","contentUrl":"https:\/\/orillasnuevas.org\/wp-content\/uploads\/2024\/09\/ON_Portada-FB.jpg","width":1708,"height":750,"caption":"Orillas Nuevas"},"image":{"@id":"https:\/\/orillasnuevas.org\/fr\/#\/schema\/logo\/image\/"},"sameAs":["https:\/\/www.instagram.com\/orillasnuevas"]},{"@type":"Person","@id":"https:\/\/orillasnuevas.org\/fr\/#\/schema\/person\/e6d326b6c70c8b379ddbf522a8b90892","name":"orillasnuevasglosaestudio@gmail.com","image":{"@type":"ImageObject","inLanguage":"fr-FR","@id":"https:\/\/secure.gravatar.com\/avatar\/374578686dfa4f3267b5847b5cfe2f24c6eff592537aac399605cd601a787bec?s=96&d=mm&r=g","url":"https:\/\/secure.gravatar.com\/avatar\/374578686dfa4f3267b5847b5cfe2f24c6eff592537aac399605cd601a787bec?s=96&d=mm&r=g","contentUrl":"https:\/\/secure.gravatar.com\/avatar\/374578686dfa4f3267b5847b5cfe2f24c6eff592537aac399605cd601a787bec?s=96&d=mm&r=g","caption":"orillasnuevasglosaestudio@gmail.com"},"sameAs":["http:\/\/orillasnuevas.org"],"url":"https:\/\/orillasnuevas.org\/fr\/author\/orillasnuevasglosaestudiogmail-com\/"}]}},"_links":{"self":[{"href":"https:\/\/orillasnuevas.org\/fr\/wp-json\/wp\/v2\/posts\/3977","targetHints":{"allow":["GET"]}}],"collection":[{"href":"https:\/\/orillasnuevas.org\/fr\/wp-json\/wp\/v2\/posts"}],"about":[{"href":"https:\/\/orillasnuevas.org\/fr\/wp-json\/wp\/v2\/types\/post"}],"author":[{"embeddable":true,"href":"https:\/\/orillasnuevas.org\/fr\/wp-json\/wp\/v2\/users\/1"}],"replies":[{"embeddable":true,"href":"https:\/\/orillasnuevas.org\/fr\/wp-json\/wp\/v2\/comments?post=3977"}],"version-history":[{"count":5,"href":"https:\/\/orillasnuevas.org\/fr\/wp-json\/wp\/v2\/posts\/3977\/revisions"}],"predecessor-version":[{"id":3992,"href":"https:\/\/orillasnuevas.org\/fr\/wp-json\/wp\/v2\/posts\/3977\/revisions\/3992"}],"wp:attachment":[{"href":"https:\/\/orillasnuevas.org\/fr\/wp-json\/wp\/v2\/media?parent=3977"}],"wp:term":[{"taxonomy":"category","embeddable":true,"href":"https:\/\/orillasnuevas.org\/fr\/wp-json\/wp\/v2\/categories?post=3977"},{"taxonomy":"post_tag","embeddable":true,"href":"https:\/\/orillasnuevas.org\/fr\/wp-json\/wp\/v2\/tags?post=3977"}],"curies":[{"name":"wp","href":"https:\/\/api.w.org\/{rel}","templated":true}]}}