{"id":4066,"date":"2025-03-14T13:55:50","date_gmt":"2025-03-14T16:55:50","guid":{"rendered":"https:\/\/orillasnuevas.org\/?p=4066"},"modified":"2025-03-14T13:55:50","modified_gmt":"2025-03-14T16:55:50","slug":"un-compas-y-una-carta-de-navegacion-por-martin-gorricho-y-valeria-dulitzky","status":"publish","type":"post","link":"https:\/\/orillasnuevas.org\/fr\/bitacora\/un-compas-y-una-carta-de-navegacion-por-martin-gorricho-y-valeria-dulitzky\/","title":{"rendered":"Un comp\u00e1s y una carta de navegaci\u00f3n por Mart\u00edn Gorricho y Valeria Dulitzky"},"content":{"rendered":"<p>Pensar en la identidad de un proyecto y en c\u00f3mo comunicarlo es un trabajo complejo, siempre. M\u00e1s a\u00fan cuando se est\u00e1 gestando y cuando se trata de un proyecto colectivo. La comunicaci\u00f3n es clave para que el proyecto llegue a sus destinatarios, para organizar sus prioridades y para poner a todos los integrantes del proyecto en la misma p\u00e1gina.<\/p>\n\n\n\n<p>Orillas Nuevas nos convoc\u00f3 para trabajar estas problem\u00e1ticas de identidad y comunicaci\u00f3n junto a los proyectos seleccionados por el programa. Nosotros propusimos una din\u00e1mica de \u00abcl\u00ednicas\u00bb \u2014encuentros de trabajo con grupos reducidos\u2014, donde problematizar, pensar y encontrar soluciones a cada caso, trabajando entre pares. Durante la semana de l&#8217;Atelier tuvimos un primer encuentro, presencial y abierto a todos los proyectos. Presentamos el panorama del dise\u00f1o de identidad y la comunicaci\u00f3n de proyectos culturales. Ese primer d\u00eda propusimos una serie de preguntas para que cada proyecto comenzara la tarea de repensarse. Durante enero y febrero la cl\u00ednica adopt\u00f3 el formato de \u00abmesas de trabajo\u00bb y llevamos adelante una secuencia de encuentros virtuales en grupos m\u00e1s reducidos a trav\u00e9s de los cu\u00e1les cada proyecto fue avanzando en la definici\u00f3n de su propia identidad.&nbsp;&nbsp;<\/p>\n\n\n\n<p>\u00bfCu\u00e1les son los aspectos realmente clave de cada proyecto? \u00bfQu\u00e9 es lo que tiene de particular, de propio, en el inmenso oc\u00e9ano de proyectos culturales que integra? En la primera mesa de trabajo estas fueron las preguntas principales que circularon y que funcionaron como una linterna que aport\u00f3 luz al interior de cada proyecto, a la b\u00fasqueda de su n\u00facleo duro, de su esencia. Las narrativas se contrastaron unas con otras. Se discutieron, se sacudieron, se repensaron entre todos. A partir de esta din\u00e1mica, cada caso propuso una nueva definici\u00f3n de su identidad e imagin\u00f3 un universo visual de referencia que, de alguna manera, se acercara a su representaci\u00f3n. Con este nuevo material nos volvimos a encontrar al mes siguiente para trabajar sobre este universo de representaci\u00f3n. \u00bfEs esto lo que queremos contar? \u00bfEste es el tono, el clima, la ret\u00f3rica, el estilo que puede colaborar con esta narrativa y as\u00ed construir una identidad clara, potente y memorable? Un trabajo grupal y colaborativo pero a la vez, de profunda introspecci\u00f3n. Para terminar, los proyectos se llevaron una gu\u00eda para armar el pedido de dise\u00f1o y avanzar en la definici\u00f3n formal de sus identidades visuales.&nbsp;&nbsp;<\/p>\n\n\n\n<p>Atravesamos mares revueltos, ajustes en el rumbo, redefinici\u00f3n de prioridades. Fue una oportunidad para tomar conciencia de lo que falta y para valorar lo que hay. Se produjeron encuentros y vinculaciones nuevas. Hubo di\u00e1logo entre pares y gu\u00eda profesional. Se compartieron referencias, se definieron objetivos, se intercambiaron ideas. Y al final, confiamos en que cada proyecto perfeccion\u00f3 sus herramientas para navegar con confianza hacia la otra orilla.<\/p>\n\n\n\n<p>Por <a href=\"https:\/\/www.instagram.com\/mgorricho\/\" target=\"_blank\" rel=\"noreferrer noopener\">Mart\u00edn Gorricho<\/a> et <a href=\"https:\/\/www.instagram.com\/valeduli\/\" target=\"_blank\" rel=\"noreferrer noopener\">Valeria Dulitzky<\/a>.<\/p>\n\n\n\n<figure class=\"wp-block-image size-large\"><img fetchpriority=\"high\" decoding=\"async\" width=\"1024\" height=\"683\" src=\"https:\/\/orillasnuevas.org\/wp-content\/uploads\/2025\/03\/04_hojita-1024x683.webp\" alt=\"\" class=\"wp-image-4076\" srcset=\"https:\/\/orillasnuevas.org\/wp-content\/uploads\/2025\/03\/04_hojita-1024x683.webp 1024w, https:\/\/orillasnuevas.org\/wp-content\/uploads\/2025\/03\/04_hojita-300x200.webp 300w, https:\/\/orillasnuevas.org\/wp-content\/uploads\/2025\/03\/04_hojita-768x512.webp 768w, https:\/\/orillasnuevas.org\/wp-content\/uploads\/2025\/03\/04_hojita-1536x1024.webp 1536w, https:\/\/orillasnuevas.org\/wp-content\/uploads\/2025\/03\/04_hojita-2048x1365.webp 2048w, https:\/\/orillasnuevas.org\/wp-content\/uploads\/2025\/03\/04_hojita-18x12.webp 18w, https:\/\/orillasnuevas.org\/wp-content\/uploads\/2025\/03\/04_hojita-930x620.webp 930w\" sizes=\"(max-width: 1024px) 100vw, 1024px\" \/><\/figure>\n\n\n\n<figure class=\"wp-block-image size-large\"><img decoding=\"async\" width=\"1024\" height=\"613\" src=\"https:\/\/orillasnuevas.org\/wp-content\/uploads\/2025\/03\/Screenshot-2025-01-23-at-1.15.16\u202fPM-1024x613.webp\" alt=\"\" class=\"wp-image-4073\" srcset=\"https:\/\/orillasnuevas.org\/wp-content\/uploads\/2025\/03\/Screenshot-2025-01-23-at-1.15.16\u202fPM-1024x613.webp 1024w, https:\/\/orillasnuevas.org\/wp-content\/uploads\/2025\/03\/Screenshot-2025-01-23-at-1.15.16\u202fPM-300x180.webp 300w, https:\/\/orillasnuevas.org\/wp-content\/uploads\/2025\/03\/Screenshot-2025-01-23-at-1.15.16\u202fPM-768x460.webp 768w, https:\/\/orillasnuevas.org\/wp-content\/uploads\/2025\/03\/Screenshot-2025-01-23-at-1.15.16\u202fPM-1536x920.webp 1536w, https:\/\/orillasnuevas.org\/wp-content\/uploads\/2025\/03\/Screenshot-2025-01-23-at-1.15.16\u202fPM-2048x1227.webp 2048w, https:\/\/orillasnuevas.org\/wp-content\/uploads\/2025\/03\/Screenshot-2025-01-23-at-1.15.16\u202fPM-18x12.webp 18w\" sizes=\"(max-width: 1024px) 100vw, 1024px\" \/><\/figure>\n\n\n\n<figure class=\"wp-block-image size-large\"><img decoding=\"async\" width=\"1024\" height=\"753\" src=\"https:\/\/orillasnuevas.org\/wp-content\/uploads\/2025\/03\/Screenshot-2025-02-18-at-2.07.38\u202fPM-1024x753.webp\" alt=\"\" class=\"wp-image-4074\" srcset=\"https:\/\/orillasnuevas.org\/wp-content\/uploads\/2025\/03\/Screenshot-2025-02-18-at-2.07.38\u202fPM-1024x753.webp 1024w, https:\/\/orillasnuevas.org\/wp-content\/uploads\/2025\/03\/Screenshot-2025-02-18-at-2.07.38\u202fPM-300x221.webp 300w, https:\/\/orillasnuevas.org\/wp-content\/uploads\/2025\/03\/Screenshot-2025-02-18-at-2.07.38\u202fPM-768x565.webp 768w, https:\/\/orillasnuevas.org\/wp-content\/uploads\/2025\/03\/Screenshot-2025-02-18-at-2.07.38\u202fPM-1536x1129.webp 1536w, https:\/\/orillasnuevas.org\/wp-content\/uploads\/2025\/03\/Screenshot-2025-02-18-at-2.07.38\u202fPM-16x12.webp 16w, https:\/\/orillasnuevas.org\/wp-content\/uploads\/2025\/03\/Screenshot-2025-02-18-at-2.07.38\u202fPM.webp 1684w\" sizes=\"(max-width: 1024px) 100vw, 1024px\" \/><\/figure>\n\n\n\n<figure class=\"wp-block-image size-large\"><img loading=\"lazy\" decoding=\"async\" width=\"998\" height=\"1024\" src=\"https:\/\/orillasnuevas.org\/wp-content\/uploads\/2025\/03\/Screenshot-2025-02-18-at-5.06.13\u202fPM-998x1024.webp\" alt=\"\" class=\"wp-image-4075\" srcset=\"https:\/\/orillasnuevas.org\/wp-content\/uploads\/2025\/03\/Screenshot-2025-02-18-at-5.06.13\u202fPM-998x1024.webp 998w, https:\/\/orillasnuevas.org\/wp-content\/uploads\/2025\/03\/Screenshot-2025-02-18-at-5.06.13\u202fPM-292x300.webp 292w, https:\/\/orillasnuevas.org\/wp-content\/uploads\/2025\/03\/Screenshot-2025-02-18-at-5.06.13\u202fPM-768x788.webp 768w, https:\/\/orillasnuevas.org\/wp-content\/uploads\/2025\/03\/Screenshot-2025-02-18-at-5.06.13\u202fPM-12x12.webp 12w, https:\/\/orillasnuevas.org\/wp-content\/uploads\/2025\/03\/Screenshot-2025-02-18-at-5.06.13\u202fPM.webp 1206w\" sizes=\"(max-width: 998px) 100vw, 998px\" \/><\/figure>","protected":false},"excerpt":{"rendered":"<p>Pensar en la identidad de un proyecto y en c\u00f3mo comunicarlo es un trabajo complejo, siempre. M\u00e1s a\u00fan cuando se est\u00e1 gestando y cuando se trata de un proyecto colectivo. La comunicaci\u00f3n es clave para que el proyecto llegue a sus destinatarios, para organizar sus prioridades y para poner a todos los integrantes del proyecto en la misma p\u00e1gina.<\/p>","protected":false},"author":1,"featured_media":4067,"comment_status":"open","ping_status":"open","sticky":false,"template":"","format":"standard","meta":{"neve_meta_sidebar":"","neve_meta_container":"","neve_meta_enable_content_width":"","neve_meta_content_width":0,"neve_meta_title_alignment":"","neve_meta_author_avatar":"","neve_post_elements_order":"","neve_meta_disable_header":"","neve_meta_disable_footer":"","neve_meta_disable_title":"","footnotes":""},"categories":[10],"tags":[],"class_list":["post-4066","post","type-post","status-publish","format-standard","has-post-thumbnail","hentry","category-bitacora"],"yoast_head":"<!-- This site is optimized with the Yoast SEO plugin v27.4 - https:\/\/yoast.com\/product\/yoast-seo-wordpress\/ -->\n<title>Un comp\u00e1s y una carta de navegaci\u00f3n por Mart\u00edn Gorricho y Valeria Dulitzky - Orillas Nuevas<\/title>\n<meta name=\"robots\" content=\"index, follow, max-snippet:-1, max-image-preview:large, max-video-preview:-1\" \/>\n<link rel=\"canonical\" href=\"https:\/\/orillasnuevas.org\/fr\/bitacora\/un-compas-y-una-carta-de-navegacion-por-martin-gorricho-y-valeria-dulitzky\/\" \/>\n<meta property=\"og:locale\" content=\"fr_FR\" \/>\n<meta property=\"og:type\" content=\"article\" \/>\n<meta property=\"og:title\" content=\"Un comp\u00e1s y una carta de navegaci\u00f3n por Mart\u00edn Gorricho y Valeria Dulitzky - Orillas Nuevas\" \/>\n<meta property=\"og:description\" content=\"Pensar en la identidad de un proyecto y en c\u00f3mo comunicarlo es un trabajo complejo, siempre. M\u00e1s a\u00fan cuando se est\u00e1 gestando y cuando se trata de un proyecto colectivo. La comunicaci\u00f3n es clave para que el proyecto llegue a sus destinatarios, para organizar sus prioridades y para poner a todos los integrantes del proyecto en la misma p\u00e1gina.\" \/>\n<meta property=\"og:url\" content=\"https:\/\/orillasnuevas.org\/fr\/bitacora\/un-compas-y-una-carta-de-navegacion-por-martin-gorricho-y-valeria-dulitzky\/\" \/>\n<meta property=\"og:site_name\" content=\"Orillas Nuevas\" \/>\n<meta property=\"article:published_time\" content=\"2025-03-14T16:55:50+00:00\" \/>\n<meta property=\"og:image\" content=\"https:\/\/orillasnuevas.org\/wp-content\/uploads\/2025\/03\/Novedades-ON.png\" \/>\n\t<meta property=\"og:image:width\" content=\"1000\" \/>\n\t<meta property=\"og:image:height\" content=\"600\" \/>\n\t<meta property=\"og:image:type\" content=\"image\/png\" \/>\n<meta name=\"author\" content=\"orillasnuevasglosaestudio@gmail.com\" \/>\n<meta name=\"twitter:card\" content=\"summary_large_image\" \/>\n<meta name=\"twitter:label1\" content=\"\u00c9crit par\" \/>\n\t<meta name=\"twitter:data1\" content=\"orillasnuevasglosaestudio@gmail.com\" \/>\n\t<meta name=\"twitter:label2\" content=\"Dur\u00e9e de lecture estim\u00e9e\" \/>\n\t<meta name=\"twitter:data2\" content=\"4 minutes\" \/>\n<script type=\"application\/ld+json\" class=\"yoast-schema-graph\">{\"@context\":\"https:\\\/\\\/schema.org\",\"@graph\":[{\"@type\":\"Article\",\"@id\":\"https:\\\/\\\/orillasnuevas.org\\\/bitacora\\\/un-compas-y-una-carta-de-navegacion-por-martin-gorricho-y-valeria-dulitzky\\\/#article\",\"isPartOf\":{\"@id\":\"https:\\\/\\\/orillasnuevas.org\\\/bitacora\\\/un-compas-y-una-carta-de-navegacion-por-martin-gorricho-y-valeria-dulitzky\\\/\"},\"author\":{\"name\":\"orillasnuevasglosaestudio@gmail.com\",\"@id\":\"https:\\\/\\\/orillasnuevas.org\\\/fr\\\/#\\\/schema\\\/person\\\/e6d326b6c70c8b379ddbf522a8b90892\"},\"headline\":\"Un comp\u00e1s y una carta de navegaci\u00f3n por Mart\u00edn Gorricho y Valeria Dulitzky\",\"datePublished\":\"2025-03-14T16:55:50+00:00\",\"mainEntityOfPage\":{\"@id\":\"https:\\\/\\\/orillasnuevas.org\\\/bitacora\\\/un-compas-y-una-carta-de-navegacion-por-martin-gorricho-y-valeria-dulitzky\\\/\"},\"wordCount\":512,\"commentCount\":0,\"publisher\":{\"@id\":\"https:\\\/\\\/orillasnuevas.org\\\/fr\\\/#organization\"},\"image\":{\"@id\":\"https:\\\/\\\/orillasnuevas.org\\\/bitacora\\\/un-compas-y-una-carta-de-navegacion-por-martin-gorricho-y-valeria-dulitzky\\\/#primaryimage\"},\"thumbnailUrl\":\"https:\\\/\\\/orillasnuevas.org\\\/wp-content\\\/uploads\\\/2025\\\/03\\\/Novedades-ON.png\",\"articleSection\":[\"Bit\u00e1cora\"],\"inLanguage\":\"fr-FR\",\"potentialAction\":[{\"@type\":\"CommentAction\",\"name\":\"Comment\",\"target\":[\"https:\\\/\\\/orillasnuevas.org\\\/bitacora\\\/un-compas-y-una-carta-de-navegacion-por-martin-gorricho-y-valeria-dulitzky\\\/#respond\"]}]},{\"@type\":\"WebPage\",\"@id\":\"https:\\\/\\\/orillasnuevas.org\\\/bitacora\\\/un-compas-y-una-carta-de-navegacion-por-martin-gorricho-y-valeria-dulitzky\\\/\",\"url\":\"https:\\\/\\\/orillasnuevas.org\\\/bitacora\\\/un-compas-y-una-carta-de-navegacion-por-martin-gorricho-y-valeria-dulitzky\\\/\",\"name\":\"Un comp\u00e1s y una carta de navegaci\u00f3n por Mart\u00edn Gorricho y Valeria Dulitzky - Orillas Nuevas\",\"isPartOf\":{\"@id\":\"https:\\\/\\\/orillasnuevas.org\\\/fr\\\/#website\"},\"primaryImageOfPage\":{\"@id\":\"https:\\\/\\\/orillasnuevas.org\\\/bitacora\\\/un-compas-y-una-carta-de-navegacion-por-martin-gorricho-y-valeria-dulitzky\\\/#primaryimage\"},\"image\":{\"@id\":\"https:\\\/\\\/orillasnuevas.org\\\/bitacora\\\/un-compas-y-una-carta-de-navegacion-por-martin-gorricho-y-valeria-dulitzky\\\/#primaryimage\"},\"thumbnailUrl\":\"https:\\\/\\\/orillasnuevas.org\\\/wp-content\\\/uploads\\\/2025\\\/03\\\/Novedades-ON.png\",\"datePublished\":\"2025-03-14T16:55:50+00:00\",\"breadcrumb\":{\"@id\":\"https:\\\/\\\/orillasnuevas.org\\\/bitacora\\\/un-compas-y-una-carta-de-navegacion-por-martin-gorricho-y-valeria-dulitzky\\\/#breadcrumb\"},\"inLanguage\":\"fr-FR\",\"potentialAction\":[{\"@type\":\"ReadAction\",\"target\":[\"https:\\\/\\\/orillasnuevas.org\\\/bitacora\\\/un-compas-y-una-carta-de-navegacion-por-martin-gorricho-y-valeria-dulitzky\\\/\"]}]},{\"@type\":\"ImageObject\",\"inLanguage\":\"fr-FR\",\"@id\":\"https:\\\/\\\/orillasnuevas.org\\\/bitacora\\\/un-compas-y-una-carta-de-navegacion-por-martin-gorricho-y-valeria-dulitzky\\\/#primaryimage\",\"url\":\"https:\\\/\\\/orillasnuevas.org\\\/wp-content\\\/uploads\\\/2025\\\/03\\\/Novedades-ON.png\",\"contentUrl\":\"https:\\\/\\\/orillasnuevas.org\\\/wp-content\\\/uploads\\\/2025\\\/03\\\/Novedades-ON.png\",\"width\":1000,\"height\":600},{\"@type\":\"BreadcrumbList\",\"@id\":\"https:\\\/\\\/orillasnuevas.org\\\/bitacora\\\/un-compas-y-una-carta-de-navegacion-por-martin-gorricho-y-valeria-dulitzky\\\/#breadcrumb\",\"itemListElement\":[{\"@type\":\"ListItem\",\"position\":1,\"name\":\"Inicio\",\"item\":\"https:\\\/\\\/orillasnuevas.org\\\/\"},{\"@type\":\"ListItem\",\"position\":2,\"name\":\"Un comp\u00e1s y una carta de navegaci\u00f3n por Mart\u00edn Gorricho y Valeria Dulitzky\"}]},{\"@type\":\"WebSite\",\"@id\":\"https:\\\/\\\/orillasnuevas.org\\\/fr\\\/#website\",\"url\":\"https:\\\/\\\/orillasnuevas.org\\\/fr\\\/\",\"name\":\"Orillas Nuevas\",\"description\":\"Programa de apoyo, financiamiento e internacionalizaci\u00f3n de las industrias culturales y creativas en Argentina organizado por el Institut fran\u00e7ais d\u2019Argentine.\",\"publisher\":{\"@id\":\"https:\\\/\\\/orillasnuevas.org\\\/fr\\\/#organization\"},\"potentialAction\":[{\"@type\":\"SearchAction\",\"target\":{\"@type\":\"EntryPoint\",\"urlTemplate\":\"https:\\\/\\\/orillasnuevas.org\\\/fr\\\/?s={search_term_string}\"},\"query-input\":{\"@type\":\"PropertyValueSpecification\",\"valueRequired\":true,\"valueName\":\"search_term_string\"}}],\"inLanguage\":\"fr-FR\"},{\"@type\":\"Organization\",\"@id\":\"https:\\\/\\\/orillasnuevas.org\\\/fr\\\/#organization\",\"name\":\"Orillas Nuevas\",\"url\":\"https:\\\/\\\/orillasnuevas.org\\\/fr\\\/\",\"logo\":{\"@type\":\"ImageObject\",\"inLanguage\":\"fr-FR\",\"@id\":\"https:\\\/\\\/orillasnuevas.org\\\/fr\\\/#\\\/schema\\\/logo\\\/image\\\/\",\"url\":\"https:\\\/\\\/orillasnuevas.org\\\/wp-content\\\/uploads\\\/2024\\\/09\\\/ON_Portada-FB.jpg\",\"contentUrl\":\"https:\\\/\\\/orillasnuevas.org\\\/wp-content\\\/uploads\\\/2024\\\/09\\\/ON_Portada-FB.jpg\",\"width\":1708,\"height\":750,\"caption\":\"Orillas Nuevas\"},\"image\":{\"@id\":\"https:\\\/\\\/orillasnuevas.org\\\/fr\\\/#\\\/schema\\\/logo\\\/image\\\/\"},\"sameAs\":[\"https:\\\/\\\/www.instagram.com\\\/orillasnuevas\"]},{\"@type\":\"Person\",\"@id\":\"https:\\\/\\\/orillasnuevas.org\\\/fr\\\/#\\\/schema\\\/person\\\/e6d326b6c70c8b379ddbf522a8b90892\",\"name\":\"orillasnuevasglosaestudio@gmail.com\",\"image\":{\"@type\":\"ImageObject\",\"inLanguage\":\"fr-FR\",\"@id\":\"https:\\\/\\\/secure.gravatar.com\\\/avatar\\\/374578686dfa4f3267b5847b5cfe2f24c6eff592537aac399605cd601a787bec?s=96&d=mm&r=g\",\"url\":\"https:\\\/\\\/secure.gravatar.com\\\/avatar\\\/374578686dfa4f3267b5847b5cfe2f24c6eff592537aac399605cd601a787bec?s=96&d=mm&r=g\",\"contentUrl\":\"https:\\\/\\\/secure.gravatar.com\\\/avatar\\\/374578686dfa4f3267b5847b5cfe2f24c6eff592537aac399605cd601a787bec?s=96&d=mm&r=g\",\"caption\":\"orillasnuevasglosaestudio@gmail.com\"},\"sameAs\":[\"http:\\\/\\\/orillasnuevas.org\"],\"url\":\"https:\\\/\\\/orillasnuevas.org\\\/fr\\\/author\\\/orillasnuevasglosaestudiogmail-com\\\/\"}]}<\/script>\n<!-- \/ Yoast SEO plugin. -->","yoast_head_json":{"title":"Un comp\u00e1s y una carta de navegaci\u00f3n por Mart\u00edn Gorricho y Valeria Dulitzky - Orillas Nuevas","robots":{"index":"index","follow":"follow","max-snippet":"max-snippet:-1","max-image-preview":"max-image-preview:large","max-video-preview":"max-video-preview:-1"},"canonical":"https:\/\/orillasnuevas.org\/fr\/bitacora\/un-compas-y-una-carta-de-navegacion-por-martin-gorricho-y-valeria-dulitzky\/","og_locale":"fr_FR","og_type":"article","og_title":"Un comp\u00e1s y una carta de navegaci\u00f3n por Mart\u00edn Gorricho y Valeria Dulitzky - Orillas Nuevas","og_description":"Pensar en la identidad de un proyecto y en c\u00f3mo comunicarlo es un trabajo complejo, siempre. M\u00e1s a\u00fan cuando se est\u00e1 gestando y cuando se trata de un proyecto colectivo. La comunicaci\u00f3n es clave para que el proyecto llegue a sus destinatarios, para organizar sus prioridades y para poner a todos los integrantes del proyecto en la misma p\u00e1gina.","og_url":"https:\/\/orillasnuevas.org\/fr\/bitacora\/un-compas-y-una-carta-de-navegacion-por-martin-gorricho-y-valeria-dulitzky\/","og_site_name":"Orillas Nuevas","article_published_time":"2025-03-14T16:55:50+00:00","og_image":[{"width":1000,"height":600,"url":"https:\/\/orillasnuevas.org\/wp-content\/uploads\/2025\/03\/Novedades-ON.png","type":"image\/png"}],"author":"orillasnuevasglosaestudio@gmail.com","twitter_card":"summary_large_image","twitter_misc":{"\u00c9crit par":"orillasnuevasglosaestudio@gmail.com","Dur\u00e9e de lecture estim\u00e9e":"4 minutes"},"schema":{"@context":"https:\/\/schema.org","@graph":[{"@type":"Article","@id":"https:\/\/orillasnuevas.org\/bitacora\/un-compas-y-una-carta-de-navegacion-por-martin-gorricho-y-valeria-dulitzky\/#article","isPartOf":{"@id":"https:\/\/orillasnuevas.org\/bitacora\/un-compas-y-una-carta-de-navegacion-por-martin-gorricho-y-valeria-dulitzky\/"},"author":{"name":"orillasnuevasglosaestudio@gmail.com","@id":"https:\/\/orillasnuevas.org\/fr\/#\/schema\/person\/e6d326b6c70c8b379ddbf522a8b90892"},"headline":"Un comp\u00e1s y una carta de navegaci\u00f3n por Mart\u00edn Gorricho y Valeria Dulitzky","datePublished":"2025-03-14T16:55:50+00:00","mainEntityOfPage":{"@id":"https:\/\/orillasnuevas.org\/bitacora\/un-compas-y-una-carta-de-navegacion-por-martin-gorricho-y-valeria-dulitzky\/"},"wordCount":512,"commentCount":0,"publisher":{"@id":"https:\/\/orillasnuevas.org\/fr\/#organization"},"image":{"@id":"https:\/\/orillasnuevas.org\/bitacora\/un-compas-y-una-carta-de-navegacion-por-martin-gorricho-y-valeria-dulitzky\/#primaryimage"},"thumbnailUrl":"https:\/\/orillasnuevas.org\/wp-content\/uploads\/2025\/03\/Novedades-ON.png","articleSection":["Bit\u00e1cora"],"inLanguage":"fr-FR","potentialAction":[{"@type":"CommentAction","name":"Comment","target":["https:\/\/orillasnuevas.org\/bitacora\/un-compas-y-una-carta-de-navegacion-por-martin-gorricho-y-valeria-dulitzky\/#respond"]}]},{"@type":"WebPage","@id":"https:\/\/orillasnuevas.org\/bitacora\/un-compas-y-una-carta-de-navegacion-por-martin-gorricho-y-valeria-dulitzky\/","url":"https:\/\/orillasnuevas.org\/bitacora\/un-compas-y-una-carta-de-navegacion-por-martin-gorricho-y-valeria-dulitzky\/","name":"Un comp\u00e1s y una carta de navegaci\u00f3n por Mart\u00edn Gorricho y Valeria Dulitzky - Orillas Nuevas","isPartOf":{"@id":"https:\/\/orillasnuevas.org\/fr\/#website"},"primaryImageOfPage":{"@id":"https:\/\/orillasnuevas.org\/bitacora\/un-compas-y-una-carta-de-navegacion-por-martin-gorricho-y-valeria-dulitzky\/#primaryimage"},"image":{"@id":"https:\/\/orillasnuevas.org\/bitacora\/un-compas-y-una-carta-de-navegacion-por-martin-gorricho-y-valeria-dulitzky\/#primaryimage"},"thumbnailUrl":"https:\/\/orillasnuevas.org\/wp-content\/uploads\/2025\/03\/Novedades-ON.png","datePublished":"2025-03-14T16:55:50+00:00","breadcrumb":{"@id":"https:\/\/orillasnuevas.org\/bitacora\/un-compas-y-una-carta-de-navegacion-por-martin-gorricho-y-valeria-dulitzky\/#breadcrumb"},"inLanguage":"fr-FR","potentialAction":[{"@type":"ReadAction","target":["https:\/\/orillasnuevas.org\/bitacora\/un-compas-y-una-carta-de-navegacion-por-martin-gorricho-y-valeria-dulitzky\/"]}]},{"@type":"ImageObject","inLanguage":"fr-FR","@id":"https:\/\/orillasnuevas.org\/bitacora\/un-compas-y-una-carta-de-navegacion-por-martin-gorricho-y-valeria-dulitzky\/#primaryimage","url":"https:\/\/orillasnuevas.org\/wp-content\/uploads\/2025\/03\/Novedades-ON.png","contentUrl":"https:\/\/orillasnuevas.org\/wp-content\/uploads\/2025\/03\/Novedades-ON.png","width":1000,"height":600},{"@type":"BreadcrumbList","@id":"https:\/\/orillasnuevas.org\/bitacora\/un-compas-y-una-carta-de-navegacion-por-martin-gorricho-y-valeria-dulitzky\/#breadcrumb","itemListElement":[{"@type":"ListItem","position":1,"name":"Inicio","item":"https:\/\/orillasnuevas.org\/"},{"@type":"ListItem","position":2,"name":"Un comp\u00e1s y una carta de navegaci\u00f3n por Mart\u00edn Gorricho y Valeria Dulitzky"}]},{"@type":"WebSite","@id":"https:\/\/orillasnuevas.org\/fr\/#website","url":"https:\/\/orillasnuevas.org\/fr\/","name":"Orillas Nuevas","description":"Programa de apoyo, financiamiento e internacionalizaci\u00f3n de las industrias culturales y creativas en Argentina organizado por el Institut fran\u00e7ais d\u2019Argentine.","publisher":{"@id":"https:\/\/orillasnuevas.org\/fr\/#organization"},"potentialAction":[{"@type":"SearchAction","target":{"@type":"EntryPoint","urlTemplate":"https:\/\/orillasnuevas.org\/fr\/?s={search_term_string}"},"query-input":{"@type":"PropertyValueSpecification","valueRequired":true,"valueName":"search_term_string"}}],"inLanguage":"fr-FR"},{"@type":"Organization","@id":"https:\/\/orillasnuevas.org\/fr\/#organization","name":"Orillas Nuevas","url":"https:\/\/orillasnuevas.org\/fr\/","logo":{"@type":"ImageObject","inLanguage":"fr-FR","@id":"https:\/\/orillasnuevas.org\/fr\/#\/schema\/logo\/image\/","url":"https:\/\/orillasnuevas.org\/wp-content\/uploads\/2024\/09\/ON_Portada-FB.jpg","contentUrl":"https:\/\/orillasnuevas.org\/wp-content\/uploads\/2024\/09\/ON_Portada-FB.jpg","width":1708,"height":750,"caption":"Orillas Nuevas"},"image":{"@id":"https:\/\/orillasnuevas.org\/fr\/#\/schema\/logo\/image\/"},"sameAs":["https:\/\/www.instagram.com\/orillasnuevas"]},{"@type":"Person","@id":"https:\/\/orillasnuevas.org\/fr\/#\/schema\/person\/e6d326b6c70c8b379ddbf522a8b90892","name":"orillasnuevasglosaestudio@gmail.com","image":{"@type":"ImageObject","inLanguage":"fr-FR","@id":"https:\/\/secure.gravatar.com\/avatar\/374578686dfa4f3267b5847b5cfe2f24c6eff592537aac399605cd601a787bec?s=96&d=mm&r=g","url":"https:\/\/secure.gravatar.com\/avatar\/374578686dfa4f3267b5847b5cfe2f24c6eff592537aac399605cd601a787bec?s=96&d=mm&r=g","contentUrl":"https:\/\/secure.gravatar.com\/avatar\/374578686dfa4f3267b5847b5cfe2f24c6eff592537aac399605cd601a787bec?s=96&d=mm&r=g","caption":"orillasnuevasglosaestudio@gmail.com"},"sameAs":["http:\/\/orillasnuevas.org"],"url":"https:\/\/orillasnuevas.org\/fr\/author\/orillasnuevasglosaestudiogmail-com\/"}]}},"_links":{"self":[{"href":"https:\/\/orillasnuevas.org\/fr\/wp-json\/wp\/v2\/posts\/4066","targetHints":{"allow":["GET"]}}],"collection":[{"href":"https:\/\/orillasnuevas.org\/fr\/wp-json\/wp\/v2\/posts"}],"about":[{"href":"https:\/\/orillasnuevas.org\/fr\/wp-json\/wp\/v2\/types\/post"}],"author":[{"embeddable":true,"href":"https:\/\/orillasnuevas.org\/fr\/wp-json\/wp\/v2\/users\/1"}],"replies":[{"embeddable":true,"href":"https:\/\/orillasnuevas.org\/fr\/wp-json\/wp\/v2\/comments?post=4066"}],"version-history":[{"count":2,"href":"https:\/\/orillasnuevas.org\/fr\/wp-json\/wp\/v2\/posts\/4066\/revisions"}],"predecessor-version":[{"id":4077,"href":"https:\/\/orillasnuevas.org\/fr\/wp-json\/wp\/v2\/posts\/4066\/revisions\/4077"}],"wp:featuredmedia":[{"embeddable":true,"href":"https:\/\/orillasnuevas.org\/fr\/wp-json\/wp\/v2\/media\/4067"}],"wp:attachment":[{"href":"https:\/\/orillasnuevas.org\/fr\/wp-json\/wp\/v2\/media?parent=4066"}],"wp:term":[{"taxonomy":"category","embeddable":true,"href":"https:\/\/orillasnuevas.org\/fr\/wp-json\/wp\/v2\/categories?post=4066"},{"taxonomy":"post_tag","embeddable":true,"href":"https:\/\/orillasnuevas.org\/fr\/wp-json\/wp\/v2\/tags?post=4066"}],"curies":[{"name":"wp","href":"https:\/\/api.w.org\/{rel}","templated":true}]}}