{"id":4093,"date":"2025-03-21T11:51:14","date_gmt":"2025-03-21T14:51:14","guid":{"rendered":"https:\/\/orillasnuevas.org\/?p=4093"},"modified":"2025-03-21T11:51:14","modified_gmt":"2025-03-21T14:51:14","slug":"multiplier-notre-monde-par-fred-sancere","status":"publish","type":"post","link":"https:\/\/orillasnuevas.org\/fr\/bitacora\/multiplier-notre-monde-par-fred-sancere\/","title":{"rendered":"Multiplier notre monde par Fred Sanc\u00e8re"},"content":{"rendered":"<p id=\"tw-target-text\">J\u2019ai quitt\u00e9 Orillas Nuevas dans le vent et sous des trombes d\u2019eau.<\/p>\n\n\n\n<p id=\"tw-target-text\">L\u2019orage s\u2019est charg\u00e9 d\u2019arroser notre derni\u00e8re et belle soir\u00e9e. Il a eu raison de nous et en quelques minutes il a dispers\u00e9 l\u2019\u00e9ph\u00e9m\u00e8re communaut\u00e9 que nous formions durant cette semaine pass\u00e9e ensemble. L\u2019asado sur les trottoirs de Buenos Aires, devant l\u2019atelier Yeru\u00e1, \u00e0 l\u2019invitation de Juan, Camila et Tato, comme ultime souvenir de ma pr\u00e9sence chez vous. Des trombes d\u2019eau, comme s\u2019il fallait tirer le rideau sur cette parenth\u00e8se avec vous. C\u2019\u00e9tait peut-\u00eatre une fa\u00e7on de boucler la boucle, puisque j\u2019avais d\u00e9marr\u00e9 ma semaine sous le signe de l\u2019eau, dans les pas de Mart\u00edn, \u00e0 la rencontre de Buenos Aires et de ses rives, du R\u00edo de la Plata, des fleuves cach\u00e9s, des trottoirs sur\u00e9lev\u00e9s de la Boca et des piscines de fortune sur les trottoirs.<\/p>\n\n\n\n<p>Je retiens de ces quelques jours, la tr\u00e8s agr\u00e9able sensation d\u2019avoir \u00e9t\u00e9 accueilli tr\u00e8s simplement par chacune et chacun de vous. Vous avez ouvert vos histoires et vos projets pour que nous puissions tenter de travailler ensemble \u00e0 leurs accomplissements. Cette ouverture et votre disponibilit\u00e9 \u00e0 l\u2019\u00e9change ont permis que nous puissions former \u00e0 chaque fois un duo entre vous et moi &#8211; duo accompagn\u00e9 dans mon cas par Agustina, trait d\u2019union entre nous toutes et tous. Cette ouverture \u00e9tait n\u00e9cessaire pour que je puisse \u00e0 ma mesure essayer d\u2019accompagner vos ambitions. Elle \u00e9tait pr\u00e9cieuse. D\u2019autant plus pr\u00e9cieuse que dans de nombreux cas, j\u2019ai pu, gr\u00e2ce \u00e0 vous, d\u00e9couvrir vos terrains. Ces visites ont \u00e9t\u00e9 fondamentales pour mieux appr\u00e9hender vos r\u00e9alit\u00e9s. Je mesure l\u2019immense chance que vous m\u2019avez offerte de d\u00e9couvrir vos espaces de jeu, vos ateliers, vos territoires.<\/p>\n\n\n\n<p>\u00ab Essayer, rater. N\u2019importe. Essayer encore, rater encore, rater mieux \u00bb Samuel Beckett Dans mon quotidien, mes convictions et mes d\u00e9sirs ne m\u2019emp\u00eachent jamais de douter, de tenter, d\u2019essayer et parfois de me tromper. Je ne suis pas certain que nous ayons, ensemble, \u00e9t\u00e9 au bout des sujets, ni que nous ayons trouv\u00e9 les solutions \u00e0 quelques-unes de vos probl\u00e9matiques. N\u00e9anmoins, nous avons essay\u00e9 et nous nous sommes attel\u00e9s \u00e0 cet exercice qui consistait \u00e0 faire grandir vos histoires, pour que chacune s\u2019\u00e9mancipe dans sa singularit\u00e9 propre.\u00a0<\/p>\n\n\n\n<p>C\u2019\u00e9tait la premi\u00e8re fois qu\u2019on me confiait cette mission de mentorat. Et c\u2019\u00e9tait une dr\u00f4le de mission que de vous accompagner. La tr\u00e8s grande diversit\u00e9 de vos \u00e9critures, de vos parcours, de vos terrains, de vos \u00e9quipes, de vos \u00e9conomies, n\u2019avait probablement pas besoin d\u2019une grande expertise mais n\u00e9cessitait par contre un art du bricolage. Il fallait \u00eatre un peu couteau suisse. J\u2019esp\u00e8re avoir \u00e9t\u00e9 \u00e0 la hauteur d\u2019un petit couteau suisse. Celui qui se glisse dans la poche.&nbsp;<\/p>\n\n\n\n<p>J\u2019avais \u00e9t\u00e9 curieux \u00e0 la lecture de chacun de vos projets, je le reste parfois encore apr\u00e8s nos quelques heures de travail ensemble. J\u2019ai dor\u00e9navant envie de voir comment vous allez poursuivre votre travail. Comment et dans quelles conditions chacun de vos projets va s\u2019incarner. Avec qui et dans quelles relations avec les publics.<\/p>\n\n\n\n<p>Les quelques jours pass\u00e9s avec vos histoires ont cr\u00e9\u00e9 pour moi un r\u00e9el attachement \u00e0 vous et \u00e0 vos histoires. J\u2019esp\u00e8re avoir l\u2019occasion de vous suivre un petit peu et de d\u00e9couvrir prochainement vos cr\u00e9ations. Et j\u2019esp\u00e8re pouvoir vous retrouver, ici ou ailleurs.&nbsp;&nbsp;&nbsp;<\/p>\n\n\n\n<p>Pour finir,<\/p>\n\n\n\n<p>Mart\u00edn, Guadalupe, Ezequiel et Roc\u00edo, Gabriela, Flor, Juan Agust\u00edn, Luciana, Isabella, Pablo, Mart\u00edn, Jes\u00fas, Antonio, Gustavo, Lucas, Roger, Juan, Camila, Tato, je vous remercie infiniment pour votre accueil et le travail que nous avons fait ;<\/p>\n\n\n\n<p>Lucie, Mariana, B\u00e9r\u00e9nice, Philippe, Fr\u00e9d\u00e9ric, Daniela et Lorena, l\u2019Institut Fran\u00e7ais d\u2019Argentine, la fondation Medif\u00e9, la fondation Willians, merci de votre confiance et de votre invitation ;<\/p>\n\n\n\n<p>Agustina, merci d\u2019avoir donn\u00e9 de ton \u00e9nergie et de ta voix aux uns et aux autres pour que nous puissions cheminer ensemble.<\/p>\n\n\n\n<p>A toutes et tous, encore merci, j\u2019ai grandi avec vous.<\/p>\n\n\n\n<p>Pour finir, je vous laisse avec cette citation que j\u2019aime bien de l\u2019anthropologue br\u00e9silien Eduardo Viveiros de Castro : \u00ab S\u2019il y a quelque chose qui revient de droit \u00e0 l\u2019anthropologie, ce n\u2019est pas la t\u00e2che d\u2019expliquer le monde d\u2019autrui, mais bien celle de multiplier notre monde \u00bb<\/p>\n\n\n\n<p>Amiti\u00e9s,<\/p>\n\n\n\n<p id=\"tw-target-text\"><a href=\"https:\/\/www.instagram.com\/fredsancere\/\" target=\"_blank\" rel=\"noreferrer noopener\">Fred<\/a><\/p>\n\n\n\n<figure class=\"wp-block-image size-full\"><img fetchpriority=\"high\" decoding=\"async\" width=\"1000\" height=\"600\" src=\"https:\/\/orillasnuevas.org\/wp-content\/uploads\/2025\/03\/2-1.jpg\" alt=\"\" class=\"wp-image-4096\" srcset=\"https:\/\/orillasnuevas.org\/wp-content\/uploads\/2025\/03\/2-1.jpg 1000w, https:\/\/orillasnuevas.org\/wp-content\/uploads\/2025\/03\/2-1-300x180.jpg 300w, https:\/\/orillasnuevas.org\/wp-content\/uploads\/2025\/03\/2-1-768x461.jpg 768w, https:\/\/orillasnuevas.org\/wp-content\/uploads\/2025\/03\/2-1-18x12.jpg 18w\" sizes=\"(max-width: 1000px) 100vw, 1000px\" \/><\/figure>\n\n\n\n<figure class=\"wp-block-image size-full\"><img decoding=\"async\" width=\"1000\" height=\"600\" src=\"https:\/\/orillasnuevas.org\/wp-content\/uploads\/2025\/03\/3-1.jpg\" alt=\"\" class=\"wp-image-4097\" srcset=\"https:\/\/orillasnuevas.org\/wp-content\/uploads\/2025\/03\/3-1.jpg 1000w, https:\/\/orillasnuevas.org\/wp-content\/uploads\/2025\/03\/3-1-300x180.jpg 300w, https:\/\/orillasnuevas.org\/wp-content\/uploads\/2025\/03\/3-1-768x461.jpg 768w, https:\/\/orillasnuevas.org\/wp-content\/uploads\/2025\/03\/3-1-18x12.jpg 18w\" sizes=\"(max-width: 1000px) 100vw, 1000px\" \/><\/figure>\n\n\n\n<figure class=\"wp-block-image size-full\"><img decoding=\"async\" width=\"1000\" height=\"600\" src=\"https:\/\/orillasnuevas.org\/wp-content\/uploads\/2025\/03\/4.jpg\" alt=\"\" class=\"wp-image-4098\" srcset=\"https:\/\/orillasnuevas.org\/wp-content\/uploads\/2025\/03\/4.jpg 1000w, https:\/\/orillasnuevas.org\/wp-content\/uploads\/2025\/03\/4-300x180.jpg 300w, https:\/\/orillasnuevas.org\/wp-content\/uploads\/2025\/03\/4-768x461.jpg 768w, https:\/\/orillasnuevas.org\/wp-content\/uploads\/2025\/03\/4-18x12.jpg 18w\" sizes=\"(max-width: 1000px) 100vw, 1000px\" \/><\/figure>\n\n\n\n<p><\/p>","protected":false},"excerpt":{"rendered":"<p>J\u2019ai quitt\u00e9 Orillas Nuevas dans le vent et sous des trombes d\u2019eau.<br \/>\nL\u2019orage s\u2019est charg\u00e9 d\u2019arroser notre derni\u00e8re et belle soir\u00e9e. Il a eu raison de nous et en quelques minutes il a dispers\u00e9 l\u2019\u00e9ph\u00e9m\u00e8re communaut\u00e9 que nous formions durant cette semaine pass\u00e9e ensemble. L\u2019asado sur les trottoirs de Buenos Aires, devant l\u2019atelier Yeru\u00e1, \u00e0 l\u2019invitation de Juan, Camila et Tato, comme ultime souvenir de ma pr\u00e9sence chez vous.<\/p>","protected":false},"author":1,"featured_media":4094,"comment_status":"open","ping_status":"open","sticky":false,"template":"","format":"standard","meta":{"neve_meta_sidebar":"","neve_meta_container":"","neve_meta_enable_content_width":"","neve_meta_content_width":0,"neve_meta_title_alignment":"","neve_meta_author_avatar":"","neve_post_elements_order":"","neve_meta_disable_header":"","neve_meta_disable_footer":"","neve_meta_disable_title":"","footnotes":""},"categories":[10],"tags":[],"class_list":["post-4093","post","type-post","status-publish","format-standard","has-post-thumbnail","hentry","category-bitacora"],"yoast_head":"<!-- This site is optimized with the Yoast SEO plugin v27.4 - https:\/\/yoast.com\/product\/yoast-seo-wordpress\/ -->\n<title>Multiplier notre monde par Fred Sanc\u00e8re - Orillas Nuevas<\/title>\n<meta name=\"robots\" content=\"index, follow, max-snippet:-1, max-image-preview:large, max-video-preview:-1\" \/>\n<link rel=\"canonical\" href=\"https:\/\/orillasnuevas.org\/fr\/bitacora\/multiplier-notre-monde-par-fred-sancere\/\" \/>\n<meta property=\"og:locale\" content=\"fr_FR\" \/>\n<meta property=\"og:type\" content=\"article\" \/>\n<meta property=\"og:title\" content=\"Multiplier notre monde par Fred Sanc\u00e8re - Orillas Nuevas\" \/>\n<meta property=\"og:description\" content=\"J\u2019ai quitt\u00e9 Orillas Nuevas dans le vent et sous des trombes d\u2019eau. L\u2019orage s\u2019est charg\u00e9 d\u2019arroser notre derni\u00e8re et belle soir\u00e9e. Il a eu raison de nous et en quelques minutes il a dispers\u00e9 l\u2019\u00e9ph\u00e9m\u00e8re communaut\u00e9 que nous formions durant cette semaine pass\u00e9e ensemble. L\u2019asado sur les trottoirs de Buenos Aires, devant l\u2019atelier Yeru\u00e1, \u00e0 l\u2019invitation de Juan, Camila et Tato, comme ultime souvenir de ma pr\u00e9sence chez vous.\" \/>\n<meta property=\"og:url\" content=\"https:\/\/orillasnuevas.org\/fr\/bitacora\/multiplier-notre-monde-par-fred-sancere\/\" \/>\n<meta property=\"og:site_name\" content=\"Orillas Nuevas\" \/>\n<meta property=\"article:published_time\" content=\"2025-03-21T14:51:14+00:00\" \/>\n<meta property=\"og:image\" content=\"https:\/\/orillasnuevas.org\/wp-content\/uploads\/2025\/03\/Novedades-ON-1.png\" \/>\n\t<meta property=\"og:image:width\" content=\"1000\" \/>\n\t<meta property=\"og:image:height\" content=\"600\" \/>\n\t<meta property=\"og:image:type\" content=\"image\/png\" \/>\n<meta name=\"author\" content=\"orillasnuevasglosaestudio@gmail.com\" \/>\n<meta name=\"twitter:card\" content=\"summary_large_image\" \/>\n<meta name=\"twitter:label1\" content=\"\u00c9crit par\" \/>\n\t<meta name=\"twitter:data1\" content=\"orillasnuevasglosaestudio@gmail.com\" \/>\n\t<meta name=\"twitter:label2\" content=\"Dur\u00e9e de lecture estim\u00e9e\" \/>\n\t<meta name=\"twitter:data2\" content=\"4 minutes\" \/>\n<script type=\"application\/ld+json\" class=\"yoast-schema-graph\">{\"@context\":\"https:\\\/\\\/schema.org\",\"@graph\":[{\"@type\":\"Article\",\"@id\":\"https:\\\/\\\/orillasnuevas.org\\\/bitacora\\\/multiplier-notre-monde-par-fred-sancere\\\/#article\",\"isPartOf\":{\"@id\":\"https:\\\/\\\/orillasnuevas.org\\\/bitacora\\\/multiplier-notre-monde-par-fred-sancere\\\/\"},\"author\":{\"name\":\"orillasnuevasglosaestudio@gmail.com\",\"@id\":\"https:\\\/\\\/orillasnuevas.org\\\/fr\\\/#\\\/schema\\\/person\\\/e6d326b6c70c8b379ddbf522a8b90892\"},\"headline\":\"Multiplier notre monde par Fred Sanc\u00e8re\",\"datePublished\":\"2025-03-21T14:51:14+00:00\",\"mainEntityOfPage\":{\"@id\":\"https:\\\/\\\/orillasnuevas.org\\\/bitacora\\\/multiplier-notre-monde-par-fred-sancere\\\/\"},\"wordCount\":783,\"commentCount\":0,\"publisher\":{\"@id\":\"https:\\\/\\\/orillasnuevas.org\\\/fr\\\/#organization\"},\"image\":{\"@id\":\"https:\\\/\\\/orillasnuevas.org\\\/bitacora\\\/multiplier-notre-monde-par-fred-sancere\\\/#primaryimage\"},\"thumbnailUrl\":\"https:\\\/\\\/orillasnuevas.org\\\/wp-content\\\/uploads\\\/2025\\\/03\\\/Novedades-ON-1.png\",\"articleSection\":[\"Bit\u00e1cora\"],\"inLanguage\":\"fr-FR\",\"potentialAction\":[{\"@type\":\"CommentAction\",\"name\":\"Comment\",\"target\":[\"https:\\\/\\\/orillasnuevas.org\\\/bitacora\\\/multiplier-notre-monde-par-fred-sancere\\\/#respond\"]}]},{\"@type\":\"WebPage\",\"@id\":\"https:\\\/\\\/orillasnuevas.org\\\/bitacora\\\/multiplier-notre-monde-par-fred-sancere\\\/\",\"url\":\"https:\\\/\\\/orillasnuevas.org\\\/bitacora\\\/multiplier-notre-monde-par-fred-sancere\\\/\",\"name\":\"Multiplier notre monde par Fred Sanc\u00e8re - Orillas Nuevas\",\"isPartOf\":{\"@id\":\"https:\\\/\\\/orillasnuevas.org\\\/fr\\\/#website\"},\"primaryImageOfPage\":{\"@id\":\"https:\\\/\\\/orillasnuevas.org\\\/bitacora\\\/multiplier-notre-monde-par-fred-sancere\\\/#primaryimage\"},\"image\":{\"@id\":\"https:\\\/\\\/orillasnuevas.org\\\/bitacora\\\/multiplier-notre-monde-par-fred-sancere\\\/#primaryimage\"},\"thumbnailUrl\":\"https:\\\/\\\/orillasnuevas.org\\\/wp-content\\\/uploads\\\/2025\\\/03\\\/Novedades-ON-1.png\",\"datePublished\":\"2025-03-21T14:51:14+00:00\",\"breadcrumb\":{\"@id\":\"https:\\\/\\\/orillasnuevas.org\\\/bitacora\\\/multiplier-notre-monde-par-fred-sancere\\\/#breadcrumb\"},\"inLanguage\":\"fr-FR\",\"potentialAction\":[{\"@type\":\"ReadAction\",\"target\":[\"https:\\\/\\\/orillasnuevas.org\\\/bitacora\\\/multiplier-notre-monde-par-fred-sancere\\\/\"]}]},{\"@type\":\"ImageObject\",\"inLanguage\":\"fr-FR\",\"@id\":\"https:\\\/\\\/orillasnuevas.org\\\/bitacora\\\/multiplier-notre-monde-par-fred-sancere\\\/#primaryimage\",\"url\":\"https:\\\/\\\/orillasnuevas.org\\\/wp-content\\\/uploads\\\/2025\\\/03\\\/Novedades-ON-1.png\",\"contentUrl\":\"https:\\\/\\\/orillasnuevas.org\\\/wp-content\\\/uploads\\\/2025\\\/03\\\/Novedades-ON-1.png\",\"width\":1000,\"height\":600},{\"@type\":\"BreadcrumbList\",\"@id\":\"https:\\\/\\\/orillasnuevas.org\\\/bitacora\\\/multiplier-notre-monde-par-fred-sancere\\\/#breadcrumb\",\"itemListElement\":[{\"@type\":\"ListItem\",\"position\":1,\"name\":\"Inicio\",\"item\":\"https:\\\/\\\/orillasnuevas.org\\\/\"},{\"@type\":\"ListItem\",\"position\":2,\"name\":\"Multiplier notre monde par Fred Sanc\u00e8re\"}]},{\"@type\":\"WebSite\",\"@id\":\"https:\\\/\\\/orillasnuevas.org\\\/fr\\\/#website\",\"url\":\"https:\\\/\\\/orillasnuevas.org\\\/fr\\\/\",\"name\":\"Orillas Nuevas\",\"description\":\"Programa de apoyo, financiamiento e internacionalizaci\u00f3n de las industrias culturales y creativas en Argentina organizado por el Institut fran\u00e7ais d\u2019Argentine.\",\"publisher\":{\"@id\":\"https:\\\/\\\/orillasnuevas.org\\\/fr\\\/#organization\"},\"potentialAction\":[{\"@type\":\"SearchAction\",\"target\":{\"@type\":\"EntryPoint\",\"urlTemplate\":\"https:\\\/\\\/orillasnuevas.org\\\/fr\\\/?s={search_term_string}\"},\"query-input\":{\"@type\":\"PropertyValueSpecification\",\"valueRequired\":true,\"valueName\":\"search_term_string\"}}],\"inLanguage\":\"fr-FR\"},{\"@type\":\"Organization\",\"@id\":\"https:\\\/\\\/orillasnuevas.org\\\/fr\\\/#organization\",\"name\":\"Orillas Nuevas\",\"url\":\"https:\\\/\\\/orillasnuevas.org\\\/fr\\\/\",\"logo\":{\"@type\":\"ImageObject\",\"inLanguage\":\"fr-FR\",\"@id\":\"https:\\\/\\\/orillasnuevas.org\\\/fr\\\/#\\\/schema\\\/logo\\\/image\\\/\",\"url\":\"https:\\\/\\\/orillasnuevas.org\\\/wp-content\\\/uploads\\\/2024\\\/09\\\/ON_Portada-FB.jpg\",\"contentUrl\":\"https:\\\/\\\/orillasnuevas.org\\\/wp-content\\\/uploads\\\/2024\\\/09\\\/ON_Portada-FB.jpg\",\"width\":1708,\"height\":750,\"caption\":\"Orillas Nuevas\"},\"image\":{\"@id\":\"https:\\\/\\\/orillasnuevas.org\\\/fr\\\/#\\\/schema\\\/logo\\\/image\\\/\"},\"sameAs\":[\"https:\\\/\\\/www.instagram.com\\\/orillasnuevas\"]},{\"@type\":\"Person\",\"@id\":\"https:\\\/\\\/orillasnuevas.org\\\/fr\\\/#\\\/schema\\\/person\\\/e6d326b6c70c8b379ddbf522a8b90892\",\"name\":\"orillasnuevasglosaestudio@gmail.com\",\"image\":{\"@type\":\"ImageObject\",\"inLanguage\":\"fr-FR\",\"@id\":\"https:\\\/\\\/secure.gravatar.com\\\/avatar\\\/374578686dfa4f3267b5847b5cfe2f24c6eff592537aac399605cd601a787bec?s=96&d=mm&r=g\",\"url\":\"https:\\\/\\\/secure.gravatar.com\\\/avatar\\\/374578686dfa4f3267b5847b5cfe2f24c6eff592537aac399605cd601a787bec?s=96&d=mm&r=g\",\"contentUrl\":\"https:\\\/\\\/secure.gravatar.com\\\/avatar\\\/374578686dfa4f3267b5847b5cfe2f24c6eff592537aac399605cd601a787bec?s=96&d=mm&r=g\",\"caption\":\"orillasnuevasglosaestudio@gmail.com\"},\"sameAs\":[\"http:\\\/\\\/orillasnuevas.org\"],\"url\":\"https:\\\/\\\/orillasnuevas.org\\\/fr\\\/author\\\/orillasnuevasglosaestudiogmail-com\\\/\"}]}<\/script>\n<!-- \/ Yoast SEO plugin. -->","yoast_head_json":{"title":"Multiplier notre monde par Fred Sanc\u00e8re - Orillas Nuevas","robots":{"index":"index","follow":"follow","max-snippet":"max-snippet:-1","max-image-preview":"max-image-preview:large","max-video-preview":"max-video-preview:-1"},"canonical":"https:\/\/orillasnuevas.org\/fr\/bitacora\/multiplier-notre-monde-par-fred-sancere\/","og_locale":"fr_FR","og_type":"article","og_title":"Multiplier notre monde par Fred Sanc\u00e8re - Orillas Nuevas","og_description":"J\u2019ai quitt\u00e9 Orillas Nuevas dans le vent et sous des trombes d\u2019eau. L\u2019orage s\u2019est charg\u00e9 d\u2019arroser notre derni\u00e8re et belle soir\u00e9e. Il a eu raison de nous et en quelques minutes il a dispers\u00e9 l\u2019\u00e9ph\u00e9m\u00e8re communaut\u00e9 que nous formions durant cette semaine pass\u00e9e ensemble. L\u2019asado sur les trottoirs de Buenos Aires, devant l\u2019atelier Yeru\u00e1, \u00e0 l\u2019invitation de Juan, Camila et Tato, comme ultime souvenir de ma pr\u00e9sence chez vous.","og_url":"https:\/\/orillasnuevas.org\/fr\/bitacora\/multiplier-notre-monde-par-fred-sancere\/","og_site_name":"Orillas Nuevas","article_published_time":"2025-03-21T14:51:14+00:00","og_image":[{"width":1000,"height":600,"url":"https:\/\/orillasnuevas.org\/wp-content\/uploads\/2025\/03\/Novedades-ON-1.png","type":"image\/png"}],"author":"orillasnuevasglosaestudio@gmail.com","twitter_card":"summary_large_image","twitter_misc":{"\u00c9crit par":"orillasnuevasglosaestudio@gmail.com","Dur\u00e9e de lecture estim\u00e9e":"4 minutes"},"schema":{"@context":"https:\/\/schema.org","@graph":[{"@type":"Article","@id":"https:\/\/orillasnuevas.org\/bitacora\/multiplier-notre-monde-par-fred-sancere\/#article","isPartOf":{"@id":"https:\/\/orillasnuevas.org\/bitacora\/multiplier-notre-monde-par-fred-sancere\/"},"author":{"name":"orillasnuevasglosaestudio@gmail.com","@id":"https:\/\/orillasnuevas.org\/fr\/#\/schema\/person\/e6d326b6c70c8b379ddbf522a8b90892"},"headline":"Multiplier notre monde par Fred Sanc\u00e8re","datePublished":"2025-03-21T14:51:14+00:00","mainEntityOfPage":{"@id":"https:\/\/orillasnuevas.org\/bitacora\/multiplier-notre-monde-par-fred-sancere\/"},"wordCount":783,"commentCount":0,"publisher":{"@id":"https:\/\/orillasnuevas.org\/fr\/#organization"},"image":{"@id":"https:\/\/orillasnuevas.org\/bitacora\/multiplier-notre-monde-par-fred-sancere\/#primaryimage"},"thumbnailUrl":"https:\/\/orillasnuevas.org\/wp-content\/uploads\/2025\/03\/Novedades-ON-1.png","articleSection":["Bit\u00e1cora"],"inLanguage":"fr-FR","potentialAction":[{"@type":"CommentAction","name":"Comment","target":["https:\/\/orillasnuevas.org\/bitacora\/multiplier-notre-monde-par-fred-sancere\/#respond"]}]},{"@type":"WebPage","@id":"https:\/\/orillasnuevas.org\/bitacora\/multiplier-notre-monde-par-fred-sancere\/","url":"https:\/\/orillasnuevas.org\/bitacora\/multiplier-notre-monde-par-fred-sancere\/","name":"Multiplier notre monde par Fred Sanc\u00e8re - Orillas Nuevas","isPartOf":{"@id":"https:\/\/orillasnuevas.org\/fr\/#website"},"primaryImageOfPage":{"@id":"https:\/\/orillasnuevas.org\/bitacora\/multiplier-notre-monde-par-fred-sancere\/#primaryimage"},"image":{"@id":"https:\/\/orillasnuevas.org\/bitacora\/multiplier-notre-monde-par-fred-sancere\/#primaryimage"},"thumbnailUrl":"https:\/\/orillasnuevas.org\/wp-content\/uploads\/2025\/03\/Novedades-ON-1.png","datePublished":"2025-03-21T14:51:14+00:00","breadcrumb":{"@id":"https:\/\/orillasnuevas.org\/bitacora\/multiplier-notre-monde-par-fred-sancere\/#breadcrumb"},"inLanguage":"fr-FR","potentialAction":[{"@type":"ReadAction","target":["https:\/\/orillasnuevas.org\/bitacora\/multiplier-notre-monde-par-fred-sancere\/"]}]},{"@type":"ImageObject","inLanguage":"fr-FR","@id":"https:\/\/orillasnuevas.org\/bitacora\/multiplier-notre-monde-par-fred-sancere\/#primaryimage","url":"https:\/\/orillasnuevas.org\/wp-content\/uploads\/2025\/03\/Novedades-ON-1.png","contentUrl":"https:\/\/orillasnuevas.org\/wp-content\/uploads\/2025\/03\/Novedades-ON-1.png","width":1000,"height":600},{"@type":"BreadcrumbList","@id":"https:\/\/orillasnuevas.org\/bitacora\/multiplier-notre-monde-par-fred-sancere\/#breadcrumb","itemListElement":[{"@type":"ListItem","position":1,"name":"Inicio","item":"https:\/\/orillasnuevas.org\/"},{"@type":"ListItem","position":2,"name":"Multiplier notre monde par Fred Sanc\u00e8re"}]},{"@type":"WebSite","@id":"https:\/\/orillasnuevas.org\/fr\/#website","url":"https:\/\/orillasnuevas.org\/fr\/","name":"Orillas Nuevas","description":"Programa de apoyo, financiamiento e internacionalizaci\u00f3n de las industrias culturales y creativas en Argentina organizado por el Institut fran\u00e7ais d\u2019Argentine.","publisher":{"@id":"https:\/\/orillasnuevas.org\/fr\/#organization"},"potentialAction":[{"@type":"SearchAction","target":{"@type":"EntryPoint","urlTemplate":"https:\/\/orillasnuevas.org\/fr\/?s={search_term_string}"},"query-input":{"@type":"PropertyValueSpecification","valueRequired":true,"valueName":"search_term_string"}}],"inLanguage":"fr-FR"},{"@type":"Organization","@id":"https:\/\/orillasnuevas.org\/fr\/#organization","name":"Orillas Nuevas","url":"https:\/\/orillasnuevas.org\/fr\/","logo":{"@type":"ImageObject","inLanguage":"fr-FR","@id":"https:\/\/orillasnuevas.org\/fr\/#\/schema\/logo\/image\/","url":"https:\/\/orillasnuevas.org\/wp-content\/uploads\/2024\/09\/ON_Portada-FB.jpg","contentUrl":"https:\/\/orillasnuevas.org\/wp-content\/uploads\/2024\/09\/ON_Portada-FB.jpg","width":1708,"height":750,"caption":"Orillas Nuevas"},"image":{"@id":"https:\/\/orillasnuevas.org\/fr\/#\/schema\/logo\/image\/"},"sameAs":["https:\/\/www.instagram.com\/orillasnuevas"]},{"@type":"Person","@id":"https:\/\/orillasnuevas.org\/fr\/#\/schema\/person\/e6d326b6c70c8b379ddbf522a8b90892","name":"orillasnuevasglosaestudio@gmail.com","image":{"@type":"ImageObject","inLanguage":"fr-FR","@id":"https:\/\/secure.gravatar.com\/avatar\/374578686dfa4f3267b5847b5cfe2f24c6eff592537aac399605cd601a787bec?s=96&d=mm&r=g","url":"https:\/\/secure.gravatar.com\/avatar\/374578686dfa4f3267b5847b5cfe2f24c6eff592537aac399605cd601a787bec?s=96&d=mm&r=g","contentUrl":"https:\/\/secure.gravatar.com\/avatar\/374578686dfa4f3267b5847b5cfe2f24c6eff592537aac399605cd601a787bec?s=96&d=mm&r=g","caption":"orillasnuevasglosaestudio@gmail.com"},"sameAs":["http:\/\/orillasnuevas.org"],"url":"https:\/\/orillasnuevas.org\/fr\/author\/orillasnuevasglosaestudiogmail-com\/"}]}},"_links":{"self":[{"href":"https:\/\/orillasnuevas.org\/fr\/wp-json\/wp\/v2\/posts\/4093","targetHints":{"allow":["GET"]}}],"collection":[{"href":"https:\/\/orillasnuevas.org\/fr\/wp-json\/wp\/v2\/posts"}],"about":[{"href":"https:\/\/orillasnuevas.org\/fr\/wp-json\/wp\/v2\/types\/post"}],"author":[{"embeddable":true,"href":"https:\/\/orillasnuevas.org\/fr\/wp-json\/wp\/v2\/users\/1"}],"replies":[{"embeddable":true,"href":"https:\/\/orillasnuevas.org\/fr\/wp-json\/wp\/v2\/comments?post=4093"}],"version-history":[{"count":2,"href":"https:\/\/orillasnuevas.org\/fr\/wp-json\/wp\/v2\/posts\/4093\/revisions"}],"predecessor-version":[{"id":4099,"href":"https:\/\/orillasnuevas.org\/fr\/wp-json\/wp\/v2\/posts\/4093\/revisions\/4099"}],"wp:featuredmedia":[{"embeddable":true,"href":"https:\/\/orillasnuevas.org\/fr\/wp-json\/wp\/v2\/media\/4094"}],"wp:attachment":[{"href":"https:\/\/orillasnuevas.org\/fr\/wp-json\/wp\/v2\/media?parent=4093"}],"wp:term":[{"taxonomy":"category","embeddable":true,"href":"https:\/\/orillasnuevas.org\/fr\/wp-json\/wp\/v2\/categories?post=4093"},{"taxonomy":"post_tag","embeddable":true,"href":"https:\/\/orillasnuevas.org\/fr\/wp-json\/wp\/v2\/tags?post=4093"}],"curies":[{"name":"wp","href":"https:\/\/api.w.org\/{rel}","templated":true}]}}