{"id":4100,"date":"2025-03-21T11:57:25","date_gmt":"2025-03-21T14:57:25","guid":{"rendered":"https:\/\/orillasnuevas.org\/?p=4100"},"modified":"2025-03-21T11:57:25","modified_gmt":"2025-03-21T14:57:25","slug":"multiplicar-el-mundo-el-nuestro-por-fred-sancere","status":"publish","type":"post","link":"https:\/\/orillasnuevas.org\/fr\/bitacora\/multiplicar-el-mundo-el-nuestro-por-fred-sancere\/","title":{"rendered":"Multiplicar el mundo, el nuestro por Fred Sanc\u00e8re"},"content":{"rendered":"<p>Me fui de Orillas Nuevas en medio del viento y bajo una lluvia torrencial.<\/p>\n\n\n\n<p>La tormenta se encarg\u00f3 de regar nuestra \u00faltima y hermosa velada. Pudo con nosotros, y en escasos minutos dispers\u00f3 a la ef\u00edmera comunidad que formamos durante esa semana que pasamos juntos. El asado en una vereda de Buenos Aires, delante del taller Yeru\u00e1, por invitaci\u00f3n de Juan, Camila y Tato, como \u00faltimo recuerdo de mi presencia en vuestros pagos. El agua ca\u00eda a c\u00e1ntaros, como oblig\u00e1ndonos a cerrar el tel\u00f3n sobre ese par\u00e9ntesis conjunto. Acaso fue un modo de concluir el ciclo, ya que mi estad\u00eda se hab\u00eda iniciado bajo el signo del agua tambi\u00e9n, siguiendo los pasos de Mart\u00edn, al encuentro de Buenos Aires y sus orillas, del R\u00edo de la Plata y los lechos escondidos, las veredas elevadas de la Boca y las pelopinchos improvisadas en las calles.<\/p>\n\n\n\n<p>De esos d\u00edas, me quedo con la muy agradable sensaci\u00f3n de haber sido recibido con suma simpleza por cada una y cada uno de ustedes. Me abrieron sus historias y sus proyectos para que pudi\u00e9ramos intentar trabajar juntos en pos de su realizaci\u00f3n. Esa apertura y la disponibilidad para el intercambio nos permitieron formar en cada ocasi\u00f3n un d\u00fao &#8211; acompa\u00f1ado en mi caso por Agustina, puente entre todas y todos nosotros. Esa apertura era necesaria para que yo pudiera intentar, a mi medida, acompa\u00f1ar sus ambiciones. Una apertura preciada. M\u00e1s a\u00fan porque en varios casos, gracias a ustedes, pude descubrir sus trabajos de campo. Esas visitas fueron fundamentales para captar mejor las realidades que viven. Valoro la inmensa suerte que me regalaron al poder conocer sus espacios de actuaci\u00f3n, sus talleres, sus territorios.<\/p>\n\n\n\n<p>\u201cProbar, fallar. No importa. Probar otra vez, fallar otra vez, fallar mejor\u201d Samuel Beckett. En mi vida diaria, mis convicciones y mis deseos jam\u00e1s me eximen de dudar, intentar, probar y a veces equivocarme. No estoy seguro de que juntos hayamos terminado de agotar los temas, ni que le hayamos encontrado soluci\u00f3n a algunas de las problem\u00e1ticas planteadas. As\u00ed y todo, lo intentamos y nos entregamos al ejercicio que consist\u00eda en hacer crecer sus historias, para que luego cada una pueda emanciparse dentro de su propia singularidad.<\/p>\n\n\n\n<p>Era la primera vez que me encomendaban una misi\u00f3n de mentor\u00eda. Y fue una curiosa misi\u00f3n acompa\u00f1arlos. La inmensa diversidad de sus escrituras, de sus trayectorias, de sus terrenos, de sus equipos, de sus esquemas de financiaci\u00f3n, probablemente no requiriera una gran expertise, pero s\u00ed necesitaba cierto arte del bricolaje. Hab\u00eda que ser un poco quir\u00fargico. Espero haber estado a la altura de una peque\u00f1a navaja suiza. Esa que se desliza dentro del bolsillo.<\/p>\n\n\n\n<p>Cada uno de los proyectos hab\u00eda despertado mi curiosidad al leerlo, y a veces todav\u00eda conservo esa curiosidad despu\u00e9s de las horas de trabajo en com\u00fan. En adelante, tengo ganas de ver c\u00f3mo van a continuar. C\u00f3mo y en qu\u00e9 condiciones va a encarnarse cada proyecto. Con qui\u00e9n y dentro de qu\u00e9 relaci\u00f3n con los p\u00fablicos. Los contados d\u00edas que pas\u00e9 con sus historias generaron en m\u00ed un cari\u00f1o real por ustedes y sus ideas. Espero tener la ocasi\u00f3n de seguirlos un poco y descubrir pr\u00f3ximamente sus creaciones. Y espero que nos reencontremos, ac\u00e1 o all\u00e1.<\/p>\n\n\n\n<p>Para terminar,<\/p>\n\n\n\n<p>Mart\u00edn, Guadalupe, Ezequiel y Roc\u00edo, Gabriela, Flor, Juan Agust\u00edn, Luciana, Isabela, Pablo, Mart\u00edn, Jes\u00fas, Antonio, Gustavo, Lucas, Roger, Juan, Camila, Tato, les agradezco infinitamente el haberme recibido y el trabajo realizado;<\/p>\n\n\n\n<p>Lucie, Mariana, B\u00e9r\u00e9nice, Philippe, Fr\u00e9d\u00e9ric, Daniela y Lorena, Instituto Franc\u00e9s de Argentina, Fundaci\u00f3n Medif\u00e9, Fundaci\u00f3n Willians, gracias por su confianza y por la invitaci\u00f3n;<\/p>\n\n\n\n<p>Agustina, gracias por haber prestado tu energ\u00eda y tu voz a unas y otros, para as\u00ed poder hacer camino juntos.<\/p>\n\n\n\n<p>A todas y todos, una vez m\u00e1s gracias, me hicieron crecer.<\/p>\n\n\n\n<p>Y ahora s\u00ed para terminar, les dejo una cita que me gusta mucho del antrop\u00f3logo brasile\u00f1o Eduardo Viveiros de Castro: \u201cSi hay algo que le corresponde a la antropolog\u00eda, no es la tarea de explicar el mundo ajeno, sino la de multiplicar el mundo, el nuestro\u201d.<\/p>\n\n\n\n<p>Abrazo,<\/p>\n\n\n\n<p><a href=\"https:\/\/www.instagram.com\/fredsancere\/\" target=\"_blank\" rel=\"noreferrer noopener\">Fred<\/a><\/p>\n\n\n\n<figure class=\"wp-block-image size-full\"><img fetchpriority=\"high\" decoding=\"async\" width=\"1000\" height=\"600\" src=\"https:\/\/orillasnuevas.org\/wp-content\/uploads\/2025\/03\/2-1.jpg\" alt=\"\" class=\"wp-image-4096\" srcset=\"https:\/\/orillasnuevas.org\/wp-content\/uploads\/2025\/03\/2-1.jpg 1000w, https:\/\/orillasnuevas.org\/wp-content\/uploads\/2025\/03\/2-1-300x180.jpg 300w, https:\/\/orillasnuevas.org\/wp-content\/uploads\/2025\/03\/2-1-768x461.jpg 768w, https:\/\/orillasnuevas.org\/wp-content\/uploads\/2025\/03\/2-1-18x12.jpg 18w\" sizes=\"(max-width: 1000px) 100vw, 1000px\" \/><\/figure>\n\n\n\n<figure class=\"wp-block-image size-full\"><img decoding=\"async\" width=\"1000\" height=\"600\" src=\"https:\/\/orillasnuevas.org\/wp-content\/uploads\/2025\/03\/3-1.jpg\" alt=\"\" class=\"wp-image-4097\" srcset=\"https:\/\/orillasnuevas.org\/wp-content\/uploads\/2025\/03\/3-1.jpg 1000w, https:\/\/orillasnuevas.org\/wp-content\/uploads\/2025\/03\/3-1-300x180.jpg 300w, https:\/\/orillasnuevas.org\/wp-content\/uploads\/2025\/03\/3-1-768x461.jpg 768w, https:\/\/orillasnuevas.org\/wp-content\/uploads\/2025\/03\/3-1-18x12.jpg 18w\" sizes=\"(max-width: 1000px) 100vw, 1000px\" \/><\/figure>\n\n\n\n<figure class=\"wp-block-image size-full\"><img decoding=\"async\" width=\"1000\" height=\"600\" src=\"https:\/\/orillasnuevas.org\/wp-content\/uploads\/2025\/03\/4.jpg\" alt=\"\" class=\"wp-image-4098\" srcset=\"https:\/\/orillasnuevas.org\/wp-content\/uploads\/2025\/03\/4.jpg 1000w, https:\/\/orillasnuevas.org\/wp-content\/uploads\/2025\/03\/4-300x180.jpg 300w, https:\/\/orillasnuevas.org\/wp-content\/uploads\/2025\/03\/4-768x461.jpg 768w, https:\/\/orillasnuevas.org\/wp-content\/uploads\/2025\/03\/4-18x12.jpg 18w\" sizes=\"(max-width: 1000px) 100vw, 1000px\" \/><\/figure>","protected":false},"excerpt":{"rendered":"<p>Me fui de Orillas Nuevas en medio del viento y bajo una lluvia torrencial.<br \/>\nLa tormenta se encarg\u00f3 de regar nuestra \u00faltima y hermosa velada. Pudo con nosotros, y en escasos minutos dispers\u00f3 a la ef\u00edmera comunidad que formamos durante esa semana que pasamos juntos. El asado en una vereda de Buenos Aires, delante del taller Yeru\u00e1, por invitaci\u00f3n de Juan, Camila y Tato, como \u00faltimo recuerdo de mi presencia en vuestros pagos.<\/p>","protected":false},"author":1,"featured_media":4094,"comment_status":"open","ping_status":"open","sticky":false,"template":"","format":"standard","meta":{"neve_meta_sidebar":"","neve_meta_container":"","neve_meta_enable_content_width":"","neve_meta_content_width":0,"neve_meta_title_alignment":"","neve_meta_author_avatar":"","neve_post_elements_order":"","neve_meta_disable_header":"","neve_meta_disable_footer":"","neve_meta_disable_title":"","footnotes":""},"categories":[10],"tags":[],"class_list":["post-4100","post","type-post","status-publish","format-standard","has-post-thumbnail","hentry","category-bitacora"],"yoast_head":"<!-- This site is optimized with the Yoast SEO plugin v27.4 - https:\/\/yoast.com\/product\/yoast-seo-wordpress\/ -->\n<title>Multiplicar el mundo, el nuestro por Fred Sanc\u00e8re - Orillas Nuevas<\/title>\n<meta name=\"robots\" content=\"index, follow, max-snippet:-1, max-image-preview:large, max-video-preview:-1\" \/>\n<link rel=\"canonical\" href=\"https:\/\/orillasnuevas.org\/fr\/bitacora\/multiplicar-el-mundo-el-nuestro-por-fred-sancere\/\" \/>\n<meta property=\"og:locale\" content=\"fr_FR\" \/>\n<meta property=\"og:type\" content=\"article\" \/>\n<meta property=\"og:title\" content=\"Multiplicar el mundo, el nuestro por Fred Sanc\u00e8re - Orillas Nuevas\" \/>\n<meta property=\"og:description\" content=\"Me fui de Orillas Nuevas en medio del viento y bajo una lluvia torrencial. La tormenta se encarg\u00f3 de regar nuestra \u00faltima y hermosa velada. Pudo con nosotros, y en escasos minutos dispers\u00f3 a la ef\u00edmera comunidad que formamos durante esa semana que pasamos juntos. El asado en una vereda de Buenos Aires, delante del taller Yeru\u00e1, por invitaci\u00f3n de Juan, Camila y Tato, como \u00faltimo recuerdo de mi presencia en vuestros pagos.\" \/>\n<meta property=\"og:url\" content=\"https:\/\/orillasnuevas.org\/fr\/bitacora\/multiplicar-el-mundo-el-nuestro-por-fred-sancere\/\" \/>\n<meta property=\"og:site_name\" content=\"Orillas Nuevas\" \/>\n<meta property=\"article:published_time\" content=\"2025-03-21T14:57:25+00:00\" \/>\n<meta property=\"og:image\" content=\"https:\/\/orillasnuevas.org\/wp-content\/uploads\/2025\/03\/Novedades-ON-1.png\" \/>\n\t<meta property=\"og:image:width\" content=\"1000\" \/>\n\t<meta property=\"og:image:height\" content=\"600\" \/>\n\t<meta property=\"og:image:type\" content=\"image\/png\" \/>\n<meta name=\"author\" content=\"orillasnuevasglosaestudio@gmail.com\" \/>\n<meta name=\"twitter:card\" content=\"summary_large_image\" \/>\n<meta name=\"twitter:label1\" content=\"\u00c9crit par\" \/>\n\t<meta name=\"twitter:data1\" content=\"orillasnuevasglosaestudio@gmail.com\" \/>\n\t<meta name=\"twitter:label2\" content=\"Dur\u00e9e de lecture estim\u00e9e\" \/>\n\t<meta name=\"twitter:data2\" content=\"4 minutes\" \/>\n<script type=\"application\/ld+json\" class=\"yoast-schema-graph\">{\"@context\":\"https:\\\/\\\/schema.org\",\"@graph\":[{\"@type\":\"Article\",\"@id\":\"https:\\\/\\\/orillasnuevas.org\\\/bitacora\\\/multiplicar-el-mundo-el-nuestro-por-fred-sancere\\\/#article\",\"isPartOf\":{\"@id\":\"https:\\\/\\\/orillasnuevas.org\\\/bitacora\\\/multiplicar-el-mundo-el-nuestro-por-fred-sancere\\\/\"},\"author\":{\"name\":\"orillasnuevasglosaestudio@gmail.com\",\"@id\":\"https:\\\/\\\/orillasnuevas.org\\\/fr\\\/#\\\/schema\\\/person\\\/e6d326b6c70c8b379ddbf522a8b90892\"},\"headline\":\"Multiplicar el mundo, el nuestro por Fred Sanc\u00e8re\",\"datePublished\":\"2025-03-21T14:57:25+00:00\",\"mainEntityOfPage\":{\"@id\":\"https:\\\/\\\/orillasnuevas.org\\\/bitacora\\\/multiplicar-el-mundo-el-nuestro-por-fred-sancere\\\/\"},\"wordCount\":746,\"commentCount\":0,\"publisher\":{\"@id\":\"https:\\\/\\\/orillasnuevas.org\\\/fr\\\/#organization\"},\"image\":{\"@id\":\"https:\\\/\\\/orillasnuevas.org\\\/bitacora\\\/multiplicar-el-mundo-el-nuestro-por-fred-sancere\\\/#primaryimage\"},\"thumbnailUrl\":\"https:\\\/\\\/orillasnuevas.org\\\/wp-content\\\/uploads\\\/2025\\\/03\\\/Novedades-ON-1.png\",\"articleSection\":[\"Bit\u00e1cora\"],\"inLanguage\":\"fr-FR\",\"potentialAction\":[{\"@type\":\"CommentAction\",\"name\":\"Comment\",\"target\":[\"https:\\\/\\\/orillasnuevas.org\\\/bitacora\\\/multiplicar-el-mundo-el-nuestro-por-fred-sancere\\\/#respond\"]}]},{\"@type\":\"WebPage\",\"@id\":\"https:\\\/\\\/orillasnuevas.org\\\/bitacora\\\/multiplicar-el-mundo-el-nuestro-por-fred-sancere\\\/\",\"url\":\"https:\\\/\\\/orillasnuevas.org\\\/bitacora\\\/multiplicar-el-mundo-el-nuestro-por-fred-sancere\\\/\",\"name\":\"Multiplicar el mundo, el nuestro por Fred Sanc\u00e8re - Orillas Nuevas\",\"isPartOf\":{\"@id\":\"https:\\\/\\\/orillasnuevas.org\\\/fr\\\/#website\"},\"primaryImageOfPage\":{\"@id\":\"https:\\\/\\\/orillasnuevas.org\\\/bitacora\\\/multiplicar-el-mundo-el-nuestro-por-fred-sancere\\\/#primaryimage\"},\"image\":{\"@id\":\"https:\\\/\\\/orillasnuevas.org\\\/bitacora\\\/multiplicar-el-mundo-el-nuestro-por-fred-sancere\\\/#primaryimage\"},\"thumbnailUrl\":\"https:\\\/\\\/orillasnuevas.org\\\/wp-content\\\/uploads\\\/2025\\\/03\\\/Novedades-ON-1.png\",\"datePublished\":\"2025-03-21T14:57:25+00:00\",\"breadcrumb\":{\"@id\":\"https:\\\/\\\/orillasnuevas.org\\\/bitacora\\\/multiplicar-el-mundo-el-nuestro-por-fred-sancere\\\/#breadcrumb\"},\"inLanguage\":\"fr-FR\",\"potentialAction\":[{\"@type\":\"ReadAction\",\"target\":[\"https:\\\/\\\/orillasnuevas.org\\\/bitacora\\\/multiplicar-el-mundo-el-nuestro-por-fred-sancere\\\/\"]}]},{\"@type\":\"ImageObject\",\"inLanguage\":\"fr-FR\",\"@id\":\"https:\\\/\\\/orillasnuevas.org\\\/bitacora\\\/multiplicar-el-mundo-el-nuestro-por-fred-sancere\\\/#primaryimage\",\"url\":\"https:\\\/\\\/orillasnuevas.org\\\/wp-content\\\/uploads\\\/2025\\\/03\\\/Novedades-ON-1.png\",\"contentUrl\":\"https:\\\/\\\/orillasnuevas.org\\\/wp-content\\\/uploads\\\/2025\\\/03\\\/Novedades-ON-1.png\",\"width\":1000,\"height\":600},{\"@type\":\"BreadcrumbList\",\"@id\":\"https:\\\/\\\/orillasnuevas.org\\\/bitacora\\\/multiplicar-el-mundo-el-nuestro-por-fred-sancere\\\/#breadcrumb\",\"itemListElement\":[{\"@type\":\"ListItem\",\"position\":1,\"name\":\"Inicio\",\"item\":\"https:\\\/\\\/orillasnuevas.org\\\/\"},{\"@type\":\"ListItem\",\"position\":2,\"name\":\"Multiplicar el mundo, el nuestro por Fred Sanc\u00e8re\"}]},{\"@type\":\"WebSite\",\"@id\":\"https:\\\/\\\/orillasnuevas.org\\\/fr\\\/#website\",\"url\":\"https:\\\/\\\/orillasnuevas.org\\\/fr\\\/\",\"name\":\"Orillas Nuevas\",\"description\":\"Programa de apoyo, financiamiento e internacionalizaci\u00f3n de las industrias culturales y creativas en Argentina organizado por el Institut fran\u00e7ais d\u2019Argentine.\",\"publisher\":{\"@id\":\"https:\\\/\\\/orillasnuevas.org\\\/fr\\\/#organization\"},\"potentialAction\":[{\"@type\":\"SearchAction\",\"target\":{\"@type\":\"EntryPoint\",\"urlTemplate\":\"https:\\\/\\\/orillasnuevas.org\\\/fr\\\/?s={search_term_string}\"},\"query-input\":{\"@type\":\"PropertyValueSpecification\",\"valueRequired\":true,\"valueName\":\"search_term_string\"}}],\"inLanguage\":\"fr-FR\"},{\"@type\":\"Organization\",\"@id\":\"https:\\\/\\\/orillasnuevas.org\\\/fr\\\/#organization\",\"name\":\"Orillas Nuevas\",\"url\":\"https:\\\/\\\/orillasnuevas.org\\\/fr\\\/\",\"logo\":{\"@type\":\"ImageObject\",\"inLanguage\":\"fr-FR\",\"@id\":\"https:\\\/\\\/orillasnuevas.org\\\/fr\\\/#\\\/schema\\\/logo\\\/image\\\/\",\"url\":\"https:\\\/\\\/orillasnuevas.org\\\/wp-content\\\/uploads\\\/2024\\\/09\\\/ON_Portada-FB.jpg\",\"contentUrl\":\"https:\\\/\\\/orillasnuevas.org\\\/wp-content\\\/uploads\\\/2024\\\/09\\\/ON_Portada-FB.jpg\",\"width\":1708,\"height\":750,\"caption\":\"Orillas Nuevas\"},\"image\":{\"@id\":\"https:\\\/\\\/orillasnuevas.org\\\/fr\\\/#\\\/schema\\\/logo\\\/image\\\/\"},\"sameAs\":[\"https:\\\/\\\/www.instagram.com\\\/orillasnuevas\"]},{\"@type\":\"Person\",\"@id\":\"https:\\\/\\\/orillasnuevas.org\\\/fr\\\/#\\\/schema\\\/person\\\/e6d326b6c70c8b379ddbf522a8b90892\",\"name\":\"orillasnuevasglosaestudio@gmail.com\",\"image\":{\"@type\":\"ImageObject\",\"inLanguage\":\"fr-FR\",\"@id\":\"https:\\\/\\\/secure.gravatar.com\\\/avatar\\\/374578686dfa4f3267b5847b5cfe2f24c6eff592537aac399605cd601a787bec?s=96&d=mm&r=g\",\"url\":\"https:\\\/\\\/secure.gravatar.com\\\/avatar\\\/374578686dfa4f3267b5847b5cfe2f24c6eff592537aac399605cd601a787bec?s=96&d=mm&r=g\",\"contentUrl\":\"https:\\\/\\\/secure.gravatar.com\\\/avatar\\\/374578686dfa4f3267b5847b5cfe2f24c6eff592537aac399605cd601a787bec?s=96&d=mm&r=g\",\"caption\":\"orillasnuevasglosaestudio@gmail.com\"},\"sameAs\":[\"http:\\\/\\\/orillasnuevas.org\"],\"url\":\"https:\\\/\\\/orillasnuevas.org\\\/fr\\\/author\\\/orillasnuevasglosaestudiogmail-com\\\/\"}]}<\/script>\n<!-- \/ Yoast SEO plugin. -->","yoast_head_json":{"title":"Multiplicar el mundo, el nuestro por Fred Sanc\u00e8re - Orillas Nuevas","robots":{"index":"index","follow":"follow","max-snippet":"max-snippet:-1","max-image-preview":"max-image-preview:large","max-video-preview":"max-video-preview:-1"},"canonical":"https:\/\/orillasnuevas.org\/fr\/bitacora\/multiplicar-el-mundo-el-nuestro-por-fred-sancere\/","og_locale":"fr_FR","og_type":"article","og_title":"Multiplicar el mundo, el nuestro por Fred Sanc\u00e8re - Orillas Nuevas","og_description":"Me fui de Orillas Nuevas en medio del viento y bajo una lluvia torrencial. La tormenta se encarg\u00f3 de regar nuestra \u00faltima y hermosa velada. Pudo con nosotros, y en escasos minutos dispers\u00f3 a la ef\u00edmera comunidad que formamos durante esa semana que pasamos juntos. El asado en una vereda de Buenos Aires, delante del taller Yeru\u00e1, por invitaci\u00f3n de Juan, Camila y Tato, como \u00faltimo recuerdo de mi presencia en vuestros pagos.","og_url":"https:\/\/orillasnuevas.org\/fr\/bitacora\/multiplicar-el-mundo-el-nuestro-por-fred-sancere\/","og_site_name":"Orillas Nuevas","article_published_time":"2025-03-21T14:57:25+00:00","og_image":[{"width":1000,"height":600,"url":"https:\/\/orillasnuevas.org\/wp-content\/uploads\/2025\/03\/Novedades-ON-1.png","type":"image\/png"}],"author":"orillasnuevasglosaestudio@gmail.com","twitter_card":"summary_large_image","twitter_misc":{"\u00c9crit par":"orillasnuevasglosaestudio@gmail.com","Dur\u00e9e de lecture estim\u00e9e":"4 minutes"},"schema":{"@context":"https:\/\/schema.org","@graph":[{"@type":"Article","@id":"https:\/\/orillasnuevas.org\/bitacora\/multiplicar-el-mundo-el-nuestro-por-fred-sancere\/#article","isPartOf":{"@id":"https:\/\/orillasnuevas.org\/bitacora\/multiplicar-el-mundo-el-nuestro-por-fred-sancere\/"},"author":{"name":"orillasnuevasglosaestudio@gmail.com","@id":"https:\/\/orillasnuevas.org\/fr\/#\/schema\/person\/e6d326b6c70c8b379ddbf522a8b90892"},"headline":"Multiplicar el mundo, el nuestro por Fred Sanc\u00e8re","datePublished":"2025-03-21T14:57:25+00:00","mainEntityOfPage":{"@id":"https:\/\/orillasnuevas.org\/bitacora\/multiplicar-el-mundo-el-nuestro-por-fred-sancere\/"},"wordCount":746,"commentCount":0,"publisher":{"@id":"https:\/\/orillasnuevas.org\/fr\/#organization"},"image":{"@id":"https:\/\/orillasnuevas.org\/bitacora\/multiplicar-el-mundo-el-nuestro-por-fred-sancere\/#primaryimage"},"thumbnailUrl":"https:\/\/orillasnuevas.org\/wp-content\/uploads\/2025\/03\/Novedades-ON-1.png","articleSection":["Bit\u00e1cora"],"inLanguage":"fr-FR","potentialAction":[{"@type":"CommentAction","name":"Comment","target":["https:\/\/orillasnuevas.org\/bitacora\/multiplicar-el-mundo-el-nuestro-por-fred-sancere\/#respond"]}]},{"@type":"WebPage","@id":"https:\/\/orillasnuevas.org\/bitacora\/multiplicar-el-mundo-el-nuestro-por-fred-sancere\/","url":"https:\/\/orillasnuevas.org\/bitacora\/multiplicar-el-mundo-el-nuestro-por-fred-sancere\/","name":"Multiplicar el mundo, el nuestro por Fred Sanc\u00e8re - Orillas Nuevas","isPartOf":{"@id":"https:\/\/orillasnuevas.org\/fr\/#website"},"primaryImageOfPage":{"@id":"https:\/\/orillasnuevas.org\/bitacora\/multiplicar-el-mundo-el-nuestro-por-fred-sancere\/#primaryimage"},"image":{"@id":"https:\/\/orillasnuevas.org\/bitacora\/multiplicar-el-mundo-el-nuestro-por-fred-sancere\/#primaryimage"},"thumbnailUrl":"https:\/\/orillasnuevas.org\/wp-content\/uploads\/2025\/03\/Novedades-ON-1.png","datePublished":"2025-03-21T14:57:25+00:00","breadcrumb":{"@id":"https:\/\/orillasnuevas.org\/bitacora\/multiplicar-el-mundo-el-nuestro-por-fred-sancere\/#breadcrumb"},"inLanguage":"fr-FR","potentialAction":[{"@type":"ReadAction","target":["https:\/\/orillasnuevas.org\/bitacora\/multiplicar-el-mundo-el-nuestro-por-fred-sancere\/"]}]},{"@type":"ImageObject","inLanguage":"fr-FR","@id":"https:\/\/orillasnuevas.org\/bitacora\/multiplicar-el-mundo-el-nuestro-por-fred-sancere\/#primaryimage","url":"https:\/\/orillasnuevas.org\/wp-content\/uploads\/2025\/03\/Novedades-ON-1.png","contentUrl":"https:\/\/orillasnuevas.org\/wp-content\/uploads\/2025\/03\/Novedades-ON-1.png","width":1000,"height":600},{"@type":"BreadcrumbList","@id":"https:\/\/orillasnuevas.org\/bitacora\/multiplicar-el-mundo-el-nuestro-por-fred-sancere\/#breadcrumb","itemListElement":[{"@type":"ListItem","position":1,"name":"Inicio","item":"https:\/\/orillasnuevas.org\/"},{"@type":"ListItem","position":2,"name":"Multiplicar el mundo, el nuestro por Fred Sanc\u00e8re"}]},{"@type":"WebSite","@id":"https:\/\/orillasnuevas.org\/fr\/#website","url":"https:\/\/orillasnuevas.org\/fr\/","name":"Orillas Nuevas","description":"Programa de apoyo, financiamiento e internacionalizaci\u00f3n de las industrias culturales y creativas en Argentina organizado por el Institut fran\u00e7ais d\u2019Argentine.","publisher":{"@id":"https:\/\/orillasnuevas.org\/fr\/#organization"},"potentialAction":[{"@type":"SearchAction","target":{"@type":"EntryPoint","urlTemplate":"https:\/\/orillasnuevas.org\/fr\/?s={search_term_string}"},"query-input":{"@type":"PropertyValueSpecification","valueRequired":true,"valueName":"search_term_string"}}],"inLanguage":"fr-FR"},{"@type":"Organization","@id":"https:\/\/orillasnuevas.org\/fr\/#organization","name":"Orillas Nuevas","url":"https:\/\/orillasnuevas.org\/fr\/","logo":{"@type":"ImageObject","inLanguage":"fr-FR","@id":"https:\/\/orillasnuevas.org\/fr\/#\/schema\/logo\/image\/","url":"https:\/\/orillasnuevas.org\/wp-content\/uploads\/2024\/09\/ON_Portada-FB.jpg","contentUrl":"https:\/\/orillasnuevas.org\/wp-content\/uploads\/2024\/09\/ON_Portada-FB.jpg","width":1708,"height":750,"caption":"Orillas Nuevas"},"image":{"@id":"https:\/\/orillasnuevas.org\/fr\/#\/schema\/logo\/image\/"},"sameAs":["https:\/\/www.instagram.com\/orillasnuevas"]},{"@type":"Person","@id":"https:\/\/orillasnuevas.org\/fr\/#\/schema\/person\/e6d326b6c70c8b379ddbf522a8b90892","name":"orillasnuevasglosaestudio@gmail.com","image":{"@type":"ImageObject","inLanguage":"fr-FR","@id":"https:\/\/secure.gravatar.com\/avatar\/374578686dfa4f3267b5847b5cfe2f24c6eff592537aac399605cd601a787bec?s=96&d=mm&r=g","url":"https:\/\/secure.gravatar.com\/avatar\/374578686dfa4f3267b5847b5cfe2f24c6eff592537aac399605cd601a787bec?s=96&d=mm&r=g","contentUrl":"https:\/\/secure.gravatar.com\/avatar\/374578686dfa4f3267b5847b5cfe2f24c6eff592537aac399605cd601a787bec?s=96&d=mm&r=g","caption":"orillasnuevasglosaestudio@gmail.com"},"sameAs":["http:\/\/orillasnuevas.org"],"url":"https:\/\/orillasnuevas.org\/fr\/author\/orillasnuevasglosaestudiogmail-com\/"}]}},"_links":{"self":[{"href":"https:\/\/orillasnuevas.org\/fr\/wp-json\/wp\/v2\/posts\/4100","targetHints":{"allow":["GET"]}}],"collection":[{"href":"https:\/\/orillasnuevas.org\/fr\/wp-json\/wp\/v2\/posts"}],"about":[{"href":"https:\/\/orillasnuevas.org\/fr\/wp-json\/wp\/v2\/types\/post"}],"author":[{"embeddable":true,"href":"https:\/\/orillasnuevas.org\/fr\/wp-json\/wp\/v2\/users\/1"}],"replies":[{"embeddable":true,"href":"https:\/\/orillasnuevas.org\/fr\/wp-json\/wp\/v2\/comments?post=4100"}],"version-history":[{"count":1,"href":"https:\/\/orillasnuevas.org\/fr\/wp-json\/wp\/v2\/posts\/4100\/revisions"}],"predecessor-version":[{"id":4101,"href":"https:\/\/orillasnuevas.org\/fr\/wp-json\/wp\/v2\/posts\/4100\/revisions\/4101"}],"wp:featuredmedia":[{"embeddable":true,"href":"https:\/\/orillasnuevas.org\/fr\/wp-json\/wp\/v2\/media\/4094"}],"wp:attachment":[{"href":"https:\/\/orillasnuevas.org\/fr\/wp-json\/wp\/v2\/media?parent=4100"}],"wp:term":[{"taxonomy":"category","embeddable":true,"href":"https:\/\/orillasnuevas.org\/fr\/wp-json\/wp\/v2\/categories?post=4100"},{"taxonomy":"post_tag","embeddable":true,"href":"https:\/\/orillasnuevas.org\/fr\/wp-json\/wp\/v2\/tags?post=4100"}],"curies":[{"name":"wp","href":"https:\/\/api.w.org\/{rel}","templated":true}]}}