{"id":4472,"date":"2025-04-09T14:56:03","date_gmt":"2025-04-09T17:56:03","guid":{"rendered":"https:\/\/orillasnuevas.org\/?p=4472"},"modified":"2025-04-09T14:56:04","modified_gmt":"2025-04-09T17:56:04","slug":"agradecimientos-y-reclamos-una-bitacora-del-mundial-de-escritura-por-giuliana-migale-rocco-y-luciana-cancer","status":"publish","type":"post","link":"https:\/\/orillasnuevas.org\/fr\/bitacora\/agradecimientos-y-reclamos-una-bitacora-del-mundial-de-escritura-por-giuliana-migale-rocco-y-luciana-cancer\/","title":{"rendered":"Agradecimientos y reclamos: Una bit\u00e1cora del Mundial de Escritura por Giuliana Migale Rocco y Luciana C\u00e1ncer"},"content":{"rendered":"<p><em>\u00bfCu\u00e1ndo vuelve el Mundial?<\/em><\/p>\n\n\n\n<p><em>\u00bfC\u00f3mo me inscribo?<\/em><\/p>\n\n\n\n<p><em>\u00bfLas consignas son obligatorias?<\/em><\/p>\n\n\n\n<p><em>\u00bfQu\u00e9 pasa si no escribo un d\u00eda?<\/em><\/p>\n\n\n\n<p><em>\u00bfYa estoy registrada?<\/em><\/p>\n\n\n\n<p><em>\u00bfC\u00f3mo accedo a los textos de ediciones anteriores?<\/em><\/p>\n\n\n\n<p><em>\u00a1Me olvid\u00e9 la contrase\u00f1a!<\/em><\/p>\n\n\n\n<p>Son cientas las consultas y mensajes que llegan antes, durante y despu\u00e9s de cada edici\u00f3n del Mundial de Escritura. An\u00e9cdotas, agradecimientos, reclamos, preguntas, ideas y deseos para ediciones futuras.&nbsp;<\/p>\n\n\n\n<p>El Mundial de Escritura existe porque antes existi\u00f3 un taller, despu\u00e9s dos, despu\u00e9s quince. Existe porque un d\u00eda, en uno de esos talleres, alguien dijo \u00abestoy bloqueada\u00bb.&nbsp;<\/p>\n\n\n\n<p>Porque otra persona respondi\u00f3 \u00absi vos hac\u00e9s durante cuarenta d\u00edas algo todos los d\u00edas, se convierte en un h\u00e1bito\u00bb.&nbsp;<\/p>\n\n\n\n<p>Existe porque Santiago propuso que cada integrante de sus talleres escribiera durante cuarenta d\u00edas determinada cantidad de caracteres al d\u00eda.&nbsp;<\/p>\n\n\n\n<p>Porque algunos empezaron a flaquear y a un fan\u00e1tico de San Lorenzo de Almagro se le ocurri\u00f3: \u00ab\u00bfpor qu\u00e9 no lo armamos en equipos?\u00bb<\/p>\n\n\n\n<p>Porque eso funcion\u00f3.&nbsp;<\/p>\n\n\n\n<p>Y recibi\u00f3 el nombre de Championnat.&nbsp;<\/p>\n\n\n\n<p>Y se jug\u00f3 durante a\u00f1os en los talleres de Santiago.&nbsp;<\/p>\n\n\n\n<p>El Mundial de Escritura existe porque hubo una pandemia.&nbsp;<\/p>\n\n\n\n<p>Porque vivimos en la \u00e9poca de las redes sociales y un tuit fue capaz de convocar a tres mil personas en un d\u00eda a participar de un juego que no se entend\u00eda del todo.&nbsp;<\/p>\n\n\n\n<p>Existe porque trabajamos de d\u00eda y de noche.&nbsp;<\/p>\n\n\n\n<p>Existe porque, aunque estemos en rojo, queremos que sea una experiencia gratuita, de la que pueda participar cualquiera que quiera.&nbsp;<\/p>\n\n\n\n<p>Existe porque siempre alguien nos ayuda. Una editorial, una organizaci\u00f3n, una escuela, una empresa, un bombero voluntario, un amigo.&nbsp;<\/p>\n\n\n\n<p>Existe porque fue el origen de muchos libros.&nbsp;<\/p>\n\n\n\n<p>Existe porque fue el origen de amistades, amores, hijos y ahijados.&nbsp;<\/p>\n\n\n\n<p>Existe porque somos miles los que lo esperamos.&nbsp;<\/p>\n\n\n\n<p>Existe porque somos miles los que, cuando no est\u00e1, lo reclamamos.&nbsp;<\/p>\n\n\n\n<p>Cincuenta mil personas ya pasaron por la experiencia del Mundial. Cincuenta mil personas de cincuenta pa\u00edses distintos. Eso es mucha gente, de muchos lugares. Tantas personas y tantos lugares que, a veces, resulta dif\u00edcil de dimensionar. Desde la gesti\u00f3n y la organizaci\u00f3n del Mundial, cada persona tiene la forma de una l\u00ednea en una planilla de excel. Sabemos desde cu\u00e1ndo juega, su edad, su nacionalidad, si es constante en la escritura, cu\u00e1ntos textos escribi\u00f3 hasta hoy. Sabemos por cu\u00e1ntos equipos pas\u00f3. Si alguna vez lleg\u00f3 a la final del Mundial. Si recibi\u00f3 un premio.&nbsp;<\/p>\n\n\n\n<p>La comunidad del Mundial de Escritura (y de Chasco) es enorme, diversa, internacional. El programa de Orillas Nuevas \u2013a trav\u00e9s de las clases, mentor\u00edas y cl\u00ednicas\u2013 nos permite generar c\u00e1psulas de espacio-tiempo para pensar esa comunidad. Qu\u00e9 necesita, qu\u00e9 quiere, qu\u00e9 le gusta, qu\u00e9 le incomoda. Qu\u00e9 de lo que contamos se entiende bien. Qu\u00e9 de lo que contamos definitivamente no se entiende. C\u00f3mo crecemos sin perder la cercan\u00eda. C\u00f3mo hacemos para llegar a m\u00e1s regiones. De qu\u00e9 manera logramos alianzas duraderas. C\u00f3mo alcanzamos la sostenibilidad del proyecto en el mediano y en el largo plazo.&nbsp;<\/p>\n\n\n\n<p>Y, mientras trabajamos en eso, seguimos respondiendo:&nbsp;<\/p>\n\n\n\n<p><em>\u00bfCu\u00e1ndo vuelve el Mundial?<\/em><\/p>\n\n\n\n<p><em>\u00bfC\u00f3mo me inscribo?<\/em><\/p>\n\n\n\n<p><em>\u00bfLas consignas son obligatorias?<\/em><\/p>\n\n\n\n<p><em>\u00bfQu\u00e9 pasa si no escribo un d\u00eda?<\/em><\/p>\n\n\n\n<p><em>\u00bfYa estoy registrada?<\/em><\/p>\n\n\n\n<p><em>\u00bfC\u00f3mo accedo a los textos de ediciones anteriores?<\/em><\/p>\n\n\n\n<p><em>\u00a1Me olvid\u00e9 la contrase\u00f1a!<\/em><\/p>\n\n\n\n<p>Si les gusta escribir y est\u00e1n bloqueados\u2026<\/p>\n\n\n\n<p>Si les gusta escribir y no encuentran el tiempo\u2026<\/p>\n\n\n\n<p>Si les gusta escribir y quieren hacerlo con otros\u2026<\/p>\n\n\n\n<p>Hasta el 20 de abril est\u00e1n abiertas las inscripciones al XI Mundial de Escritura, en este link: <a href=\"https:\/\/www.chascoclub.com\/mundial-de-escritura\" target=\"_blank\" rel=\"noreferrer noopener\">https:\/\/www.chascoclub.com\/mundial-de-escritura<\/a><\/p>\n\n\n\n<p>Por <a href=\"https:\/\/www.instagram.com\/gm.rocco\/\" target=\"_blank\" rel=\"noreferrer noopener\">Giuliana Migale Rocco<\/a> et <a href=\"https:\/\/www.instagram.com\/soyluciana\/\" target=\"_blank\" rel=\"noreferrer noopener\">Luciana C\u00e1ncer<\/a>, integrantes del proyecto <a href=\"https:\/\/orillasnuevas.org\/fr\/chasco-club\/\" target=\"_blank\" rel=\"noreferrer noopener\">Chasco Club<\/a>.<\/p>\n\n\n\n<p><\/p>","protected":false},"excerpt":{"rendered":"<p>Son cientas las consultas y mensajes que llegan antes, durante y despu\u00e9s de cada edici\u00f3n del Mundial de Escritura. An\u00e9cdotas, agradecimientos, reclamos, preguntas, ideas y deseos para ediciones futuras. El Mundial de Escritura existe porque antes existi\u00f3 un taller, despu\u00e9s dos, despu\u00e9s quince. Existe porque un d\u00eda, en uno de esos talleres, alguien dijo \u00abestoy bloqueada\u00bb.<\/p>","protected":false},"author":1,"featured_media":4474,"comment_status":"open","ping_status":"open","sticky":false,"template":"","format":"standard","meta":{"neve_meta_sidebar":"","neve_meta_container":"","neve_meta_enable_content_width":"","neve_meta_content_width":0,"neve_meta_title_alignment":"","neve_meta_author_avatar":"","neve_post_elements_order":"","neve_meta_disable_header":"","neve_meta_disable_footer":"","neve_meta_disable_title":"","footnotes":""},"categories":[10],"tags":[],"class_list":["post-4472","post","type-post","status-publish","format-standard","has-post-thumbnail","hentry","category-bitacora"],"yoast_head":"<!-- This site is optimized with the Yoast SEO plugin v27.4 - https:\/\/yoast.com\/product\/yoast-seo-wordpress\/ -->\n<title>Agradecimientos y reclamos: Una bit\u00e1cora del Mundial de Escritura por Giuliana Migale Rocco y Luciana C\u00e1ncer - Orillas Nuevas<\/title>\n<meta name=\"robots\" content=\"index, follow, max-snippet:-1, max-image-preview:large, max-video-preview:-1\" \/>\n<link rel=\"canonical\" href=\"https:\/\/orillasnuevas.org\/fr\/bitacora\/agradecimientos-y-reclamos-una-bitacora-del-mundial-de-escritura-por-giuliana-migale-rocco-y-luciana-cancer\/\" \/>\n<meta property=\"og:locale\" content=\"fr_FR\" \/>\n<meta property=\"og:type\" content=\"article\" \/>\n<meta property=\"og:title\" content=\"Agradecimientos y reclamos: Una bit\u00e1cora del Mundial de Escritura por Giuliana Migale Rocco y Luciana C\u00e1ncer - Orillas Nuevas\" \/>\n<meta property=\"og:description\" content=\"Son cientas las consultas y mensajes que llegan antes, durante y despu\u00e9s de cada edici\u00f3n del Mundial de Escritura. An\u00e9cdotas, agradecimientos, reclamos, preguntas, ideas y deseos para ediciones futuras. El Mundial de Escritura existe porque antes existi\u00f3 un taller, despu\u00e9s dos, despu\u00e9s quince. Existe porque un d\u00eda, en uno de esos talleres, alguien dijo \u00abestoy bloqueada\u00bb.\" \/>\n<meta property=\"og:url\" content=\"https:\/\/orillasnuevas.org\/fr\/bitacora\/agradecimientos-y-reclamos-una-bitacora-del-mundial-de-escritura-por-giuliana-migale-rocco-y-luciana-cancer\/\" \/>\n<meta property=\"og:site_name\" content=\"Orillas Nuevas\" \/>\n<meta property=\"article:published_time\" content=\"2025-04-09T17:56:03+00:00\" \/>\n<meta property=\"article:modified_time\" content=\"2025-04-09T17:56:04+00:00\" \/>\n<meta property=\"og:image\" content=\"https:\/\/orillasnuevas.org\/wp-content\/uploads\/2025\/04\/Novedades-ON-2.webp\" \/>\n\t<meta property=\"og:image:width\" content=\"1000\" \/>\n\t<meta property=\"og:image:height\" content=\"600\" \/>\n\t<meta property=\"og:image:type\" content=\"image\/webp\" \/>\n<meta name=\"author\" content=\"orillasnuevasglosaestudio@gmail.com\" \/>\n<meta name=\"twitter:card\" content=\"summary_large_image\" \/>\n<meta name=\"twitter:label1\" content=\"\u00c9crit par\" \/>\n\t<meta name=\"twitter:data1\" content=\"orillasnuevasglosaestudio@gmail.com\" \/>\n\t<meta name=\"twitter:label2\" content=\"Dur\u00e9e de lecture estim\u00e9e\" \/>\n\t<meta name=\"twitter:data2\" content=\"3 minutes\" \/>\n<script type=\"application\/ld+json\" class=\"yoast-schema-graph\">{\"@context\":\"https:\\\/\\\/schema.org\",\"@graph\":[{\"@type\":\"Article\",\"@id\":\"https:\\\/\\\/orillasnuevas.org\\\/bitacora\\\/agradecimientos-y-reclamos-una-bitacora-del-mundial-de-escritura-por-giuliana-migale-rocco-y-luciana-cancer\\\/#article\",\"isPartOf\":{\"@id\":\"https:\\\/\\\/orillasnuevas.org\\\/bitacora\\\/agradecimientos-y-reclamos-una-bitacora-del-mundial-de-escritura-por-giuliana-migale-rocco-y-luciana-cancer\\\/\"},\"author\":{\"name\":\"orillasnuevasglosaestudio@gmail.com\",\"@id\":\"https:\\\/\\\/orillasnuevas.org\\\/fr\\\/#\\\/schema\\\/person\\\/e6d326b6c70c8b379ddbf522a8b90892\"},\"headline\":\"Agradecimientos y reclamos: Una bit\u00e1cora del Mundial de Escritura por Giuliana Migale Rocco y Luciana C\u00e1ncer\",\"datePublished\":\"2025-04-09T17:56:03+00:00\",\"dateModified\":\"2025-04-09T17:56:04+00:00\",\"mainEntityOfPage\":{\"@id\":\"https:\\\/\\\/orillasnuevas.org\\\/bitacora\\\/agradecimientos-y-reclamos-una-bitacora-del-mundial-de-escritura-por-giuliana-migale-rocco-y-luciana-cancer\\\/\"},\"wordCount\":672,\"commentCount\":0,\"publisher\":{\"@id\":\"https:\\\/\\\/orillasnuevas.org\\\/fr\\\/#organization\"},\"image\":{\"@id\":\"https:\\\/\\\/orillasnuevas.org\\\/bitacora\\\/agradecimientos-y-reclamos-una-bitacora-del-mundial-de-escritura-por-giuliana-migale-rocco-y-luciana-cancer\\\/#primaryimage\"},\"thumbnailUrl\":\"https:\\\/\\\/orillasnuevas.org\\\/wp-content\\\/uploads\\\/2025\\\/04\\\/Novedades-ON-2.webp\",\"articleSection\":[\"Bit\u00e1cora\"],\"inLanguage\":\"fr-FR\",\"potentialAction\":[{\"@type\":\"CommentAction\",\"name\":\"Comment\",\"target\":[\"https:\\\/\\\/orillasnuevas.org\\\/bitacora\\\/agradecimientos-y-reclamos-una-bitacora-del-mundial-de-escritura-por-giuliana-migale-rocco-y-luciana-cancer\\\/#respond\"]}]},{\"@type\":\"WebPage\",\"@id\":\"https:\\\/\\\/orillasnuevas.org\\\/bitacora\\\/agradecimientos-y-reclamos-una-bitacora-del-mundial-de-escritura-por-giuliana-migale-rocco-y-luciana-cancer\\\/\",\"url\":\"https:\\\/\\\/orillasnuevas.org\\\/bitacora\\\/agradecimientos-y-reclamos-una-bitacora-del-mundial-de-escritura-por-giuliana-migale-rocco-y-luciana-cancer\\\/\",\"name\":\"Agradecimientos y reclamos: Una bit\u00e1cora del Mundial de Escritura por Giuliana Migale Rocco y Luciana C\u00e1ncer - Orillas Nuevas\",\"isPartOf\":{\"@id\":\"https:\\\/\\\/orillasnuevas.org\\\/fr\\\/#website\"},\"primaryImageOfPage\":{\"@id\":\"https:\\\/\\\/orillasnuevas.org\\\/bitacora\\\/agradecimientos-y-reclamos-una-bitacora-del-mundial-de-escritura-por-giuliana-migale-rocco-y-luciana-cancer\\\/#primaryimage\"},\"image\":{\"@id\":\"https:\\\/\\\/orillasnuevas.org\\\/bitacora\\\/agradecimientos-y-reclamos-una-bitacora-del-mundial-de-escritura-por-giuliana-migale-rocco-y-luciana-cancer\\\/#primaryimage\"},\"thumbnailUrl\":\"https:\\\/\\\/orillasnuevas.org\\\/wp-content\\\/uploads\\\/2025\\\/04\\\/Novedades-ON-2.webp\",\"datePublished\":\"2025-04-09T17:56:03+00:00\",\"dateModified\":\"2025-04-09T17:56:04+00:00\",\"breadcrumb\":{\"@id\":\"https:\\\/\\\/orillasnuevas.org\\\/bitacora\\\/agradecimientos-y-reclamos-una-bitacora-del-mundial-de-escritura-por-giuliana-migale-rocco-y-luciana-cancer\\\/#breadcrumb\"},\"inLanguage\":\"fr-FR\",\"potentialAction\":[{\"@type\":\"ReadAction\",\"target\":[\"https:\\\/\\\/orillasnuevas.org\\\/bitacora\\\/agradecimientos-y-reclamos-una-bitacora-del-mundial-de-escritura-por-giuliana-migale-rocco-y-luciana-cancer\\\/\"]}]},{\"@type\":\"ImageObject\",\"inLanguage\":\"fr-FR\",\"@id\":\"https:\\\/\\\/orillasnuevas.org\\\/bitacora\\\/agradecimientos-y-reclamos-una-bitacora-del-mundial-de-escritura-por-giuliana-migale-rocco-y-luciana-cancer\\\/#primaryimage\",\"url\":\"https:\\\/\\\/orillasnuevas.org\\\/wp-content\\\/uploads\\\/2025\\\/04\\\/Novedades-ON-2.webp\",\"contentUrl\":\"https:\\\/\\\/orillasnuevas.org\\\/wp-content\\\/uploads\\\/2025\\\/04\\\/Novedades-ON-2.webp\",\"width\":1000,\"height\":600},{\"@type\":\"BreadcrumbList\",\"@id\":\"https:\\\/\\\/orillasnuevas.org\\\/bitacora\\\/agradecimientos-y-reclamos-una-bitacora-del-mundial-de-escritura-por-giuliana-migale-rocco-y-luciana-cancer\\\/#breadcrumb\",\"itemListElement\":[{\"@type\":\"ListItem\",\"position\":1,\"name\":\"Inicio\",\"item\":\"https:\\\/\\\/orillasnuevas.org\\\/\"},{\"@type\":\"ListItem\",\"position\":2,\"name\":\"Agradecimientos y reclamos: Una bit\u00e1cora del Mundial de Escritura por Giuliana Migale Rocco y Luciana C\u00e1ncer\"}]},{\"@type\":\"WebSite\",\"@id\":\"https:\\\/\\\/orillasnuevas.org\\\/fr\\\/#website\",\"url\":\"https:\\\/\\\/orillasnuevas.org\\\/fr\\\/\",\"name\":\"Orillas Nuevas\",\"description\":\"Programa de apoyo, financiamiento e internacionalizaci\u00f3n de las industrias culturales y creativas en Argentina organizado por el Institut fran\u00e7ais d\u2019Argentine.\",\"publisher\":{\"@id\":\"https:\\\/\\\/orillasnuevas.org\\\/fr\\\/#organization\"},\"potentialAction\":[{\"@type\":\"SearchAction\",\"target\":{\"@type\":\"EntryPoint\",\"urlTemplate\":\"https:\\\/\\\/orillasnuevas.org\\\/fr\\\/?s={search_term_string}\"},\"query-input\":{\"@type\":\"PropertyValueSpecification\",\"valueRequired\":true,\"valueName\":\"search_term_string\"}}],\"inLanguage\":\"fr-FR\"},{\"@type\":\"Organization\",\"@id\":\"https:\\\/\\\/orillasnuevas.org\\\/fr\\\/#organization\",\"name\":\"Orillas Nuevas\",\"url\":\"https:\\\/\\\/orillasnuevas.org\\\/fr\\\/\",\"logo\":{\"@type\":\"ImageObject\",\"inLanguage\":\"fr-FR\",\"@id\":\"https:\\\/\\\/orillasnuevas.org\\\/fr\\\/#\\\/schema\\\/logo\\\/image\\\/\",\"url\":\"https:\\\/\\\/orillasnuevas.org\\\/wp-content\\\/uploads\\\/2024\\\/09\\\/ON_Portada-FB.jpg\",\"contentUrl\":\"https:\\\/\\\/orillasnuevas.org\\\/wp-content\\\/uploads\\\/2024\\\/09\\\/ON_Portada-FB.jpg\",\"width\":1708,\"height\":750,\"caption\":\"Orillas Nuevas\"},\"image\":{\"@id\":\"https:\\\/\\\/orillasnuevas.org\\\/fr\\\/#\\\/schema\\\/logo\\\/image\\\/\"},\"sameAs\":[\"https:\\\/\\\/www.instagram.com\\\/orillasnuevas\"]},{\"@type\":\"Person\",\"@id\":\"https:\\\/\\\/orillasnuevas.org\\\/fr\\\/#\\\/schema\\\/person\\\/e6d326b6c70c8b379ddbf522a8b90892\",\"name\":\"orillasnuevasglosaestudio@gmail.com\",\"image\":{\"@type\":\"ImageObject\",\"inLanguage\":\"fr-FR\",\"@id\":\"https:\\\/\\\/secure.gravatar.com\\\/avatar\\\/374578686dfa4f3267b5847b5cfe2f24c6eff592537aac399605cd601a787bec?s=96&d=mm&r=g\",\"url\":\"https:\\\/\\\/secure.gravatar.com\\\/avatar\\\/374578686dfa4f3267b5847b5cfe2f24c6eff592537aac399605cd601a787bec?s=96&d=mm&r=g\",\"contentUrl\":\"https:\\\/\\\/secure.gravatar.com\\\/avatar\\\/374578686dfa4f3267b5847b5cfe2f24c6eff592537aac399605cd601a787bec?s=96&d=mm&r=g\",\"caption\":\"orillasnuevasglosaestudio@gmail.com\"},\"sameAs\":[\"http:\\\/\\\/orillasnuevas.org\"],\"url\":\"https:\\\/\\\/orillasnuevas.org\\\/fr\\\/author\\\/orillasnuevasglosaestudiogmail-com\\\/\"}]}<\/script>\n<!-- \/ Yoast SEO plugin. -->","yoast_head_json":{"title":"Agradecimientos y reclamos: Una bit\u00e1cora del Mundial de Escritura por Giuliana Migale Rocco y Luciana C\u00e1ncer - Orillas Nuevas","robots":{"index":"index","follow":"follow","max-snippet":"max-snippet:-1","max-image-preview":"max-image-preview:large","max-video-preview":"max-video-preview:-1"},"canonical":"https:\/\/orillasnuevas.org\/fr\/bitacora\/agradecimientos-y-reclamos-una-bitacora-del-mundial-de-escritura-por-giuliana-migale-rocco-y-luciana-cancer\/","og_locale":"fr_FR","og_type":"article","og_title":"Agradecimientos y reclamos: Una bit\u00e1cora del Mundial de Escritura por Giuliana Migale Rocco y Luciana C\u00e1ncer - Orillas Nuevas","og_description":"Son cientas las consultas y mensajes que llegan antes, durante y despu\u00e9s de cada edici\u00f3n del Mundial de Escritura. An\u00e9cdotas, agradecimientos, reclamos, preguntas, ideas y deseos para ediciones futuras. El Mundial de Escritura existe porque antes existi\u00f3 un taller, despu\u00e9s dos, despu\u00e9s quince. Existe porque un d\u00eda, en uno de esos talleres, alguien dijo \u00abestoy bloqueada\u00bb.","og_url":"https:\/\/orillasnuevas.org\/fr\/bitacora\/agradecimientos-y-reclamos-una-bitacora-del-mundial-de-escritura-por-giuliana-migale-rocco-y-luciana-cancer\/","og_site_name":"Orillas Nuevas","article_published_time":"2025-04-09T17:56:03+00:00","article_modified_time":"2025-04-09T17:56:04+00:00","og_image":[{"width":1000,"height":600,"url":"https:\/\/orillasnuevas.org\/wp-content\/uploads\/2025\/04\/Novedades-ON-2.webp","type":"image\/webp"}],"author":"orillasnuevasglosaestudio@gmail.com","twitter_card":"summary_large_image","twitter_misc":{"\u00c9crit par":"orillasnuevasglosaestudio@gmail.com","Dur\u00e9e de lecture estim\u00e9e":"3 minutes"},"schema":{"@context":"https:\/\/schema.org","@graph":[{"@type":"Article","@id":"https:\/\/orillasnuevas.org\/bitacora\/agradecimientos-y-reclamos-una-bitacora-del-mundial-de-escritura-por-giuliana-migale-rocco-y-luciana-cancer\/#article","isPartOf":{"@id":"https:\/\/orillasnuevas.org\/bitacora\/agradecimientos-y-reclamos-una-bitacora-del-mundial-de-escritura-por-giuliana-migale-rocco-y-luciana-cancer\/"},"author":{"name":"orillasnuevasglosaestudio@gmail.com","@id":"https:\/\/orillasnuevas.org\/fr\/#\/schema\/person\/e6d326b6c70c8b379ddbf522a8b90892"},"headline":"Agradecimientos y reclamos: Una bit\u00e1cora del Mundial de Escritura por Giuliana Migale Rocco y Luciana C\u00e1ncer","datePublished":"2025-04-09T17:56:03+00:00","dateModified":"2025-04-09T17:56:04+00:00","mainEntityOfPage":{"@id":"https:\/\/orillasnuevas.org\/bitacora\/agradecimientos-y-reclamos-una-bitacora-del-mundial-de-escritura-por-giuliana-migale-rocco-y-luciana-cancer\/"},"wordCount":672,"commentCount":0,"publisher":{"@id":"https:\/\/orillasnuevas.org\/fr\/#organization"},"image":{"@id":"https:\/\/orillasnuevas.org\/bitacora\/agradecimientos-y-reclamos-una-bitacora-del-mundial-de-escritura-por-giuliana-migale-rocco-y-luciana-cancer\/#primaryimage"},"thumbnailUrl":"https:\/\/orillasnuevas.org\/wp-content\/uploads\/2025\/04\/Novedades-ON-2.webp","articleSection":["Bit\u00e1cora"],"inLanguage":"fr-FR","potentialAction":[{"@type":"CommentAction","name":"Comment","target":["https:\/\/orillasnuevas.org\/bitacora\/agradecimientos-y-reclamos-una-bitacora-del-mundial-de-escritura-por-giuliana-migale-rocco-y-luciana-cancer\/#respond"]}]},{"@type":"WebPage","@id":"https:\/\/orillasnuevas.org\/bitacora\/agradecimientos-y-reclamos-una-bitacora-del-mundial-de-escritura-por-giuliana-migale-rocco-y-luciana-cancer\/","url":"https:\/\/orillasnuevas.org\/bitacora\/agradecimientos-y-reclamos-una-bitacora-del-mundial-de-escritura-por-giuliana-migale-rocco-y-luciana-cancer\/","name":"Agradecimientos y reclamos: Una bit\u00e1cora del Mundial de Escritura por Giuliana Migale Rocco y Luciana C\u00e1ncer - Orillas Nuevas","isPartOf":{"@id":"https:\/\/orillasnuevas.org\/fr\/#website"},"primaryImageOfPage":{"@id":"https:\/\/orillasnuevas.org\/bitacora\/agradecimientos-y-reclamos-una-bitacora-del-mundial-de-escritura-por-giuliana-migale-rocco-y-luciana-cancer\/#primaryimage"},"image":{"@id":"https:\/\/orillasnuevas.org\/bitacora\/agradecimientos-y-reclamos-una-bitacora-del-mundial-de-escritura-por-giuliana-migale-rocco-y-luciana-cancer\/#primaryimage"},"thumbnailUrl":"https:\/\/orillasnuevas.org\/wp-content\/uploads\/2025\/04\/Novedades-ON-2.webp","datePublished":"2025-04-09T17:56:03+00:00","dateModified":"2025-04-09T17:56:04+00:00","breadcrumb":{"@id":"https:\/\/orillasnuevas.org\/bitacora\/agradecimientos-y-reclamos-una-bitacora-del-mundial-de-escritura-por-giuliana-migale-rocco-y-luciana-cancer\/#breadcrumb"},"inLanguage":"fr-FR","potentialAction":[{"@type":"ReadAction","target":["https:\/\/orillasnuevas.org\/bitacora\/agradecimientos-y-reclamos-una-bitacora-del-mundial-de-escritura-por-giuliana-migale-rocco-y-luciana-cancer\/"]}]},{"@type":"ImageObject","inLanguage":"fr-FR","@id":"https:\/\/orillasnuevas.org\/bitacora\/agradecimientos-y-reclamos-una-bitacora-del-mundial-de-escritura-por-giuliana-migale-rocco-y-luciana-cancer\/#primaryimage","url":"https:\/\/orillasnuevas.org\/wp-content\/uploads\/2025\/04\/Novedades-ON-2.webp","contentUrl":"https:\/\/orillasnuevas.org\/wp-content\/uploads\/2025\/04\/Novedades-ON-2.webp","width":1000,"height":600},{"@type":"BreadcrumbList","@id":"https:\/\/orillasnuevas.org\/bitacora\/agradecimientos-y-reclamos-una-bitacora-del-mundial-de-escritura-por-giuliana-migale-rocco-y-luciana-cancer\/#breadcrumb","itemListElement":[{"@type":"ListItem","position":1,"name":"Inicio","item":"https:\/\/orillasnuevas.org\/"},{"@type":"ListItem","position":2,"name":"Agradecimientos y reclamos: Una bit\u00e1cora del Mundial de Escritura por Giuliana Migale Rocco y Luciana C\u00e1ncer"}]},{"@type":"WebSite","@id":"https:\/\/orillasnuevas.org\/fr\/#website","url":"https:\/\/orillasnuevas.org\/fr\/","name":"Orillas Nuevas","description":"Programa de apoyo, financiamiento e internacionalizaci\u00f3n de las industrias culturales y creativas en Argentina organizado por el Institut fran\u00e7ais d\u2019Argentine.","publisher":{"@id":"https:\/\/orillasnuevas.org\/fr\/#organization"},"potentialAction":[{"@type":"SearchAction","target":{"@type":"EntryPoint","urlTemplate":"https:\/\/orillasnuevas.org\/fr\/?s={search_term_string}"},"query-input":{"@type":"PropertyValueSpecification","valueRequired":true,"valueName":"search_term_string"}}],"inLanguage":"fr-FR"},{"@type":"Organization","@id":"https:\/\/orillasnuevas.org\/fr\/#organization","name":"Orillas Nuevas","url":"https:\/\/orillasnuevas.org\/fr\/","logo":{"@type":"ImageObject","inLanguage":"fr-FR","@id":"https:\/\/orillasnuevas.org\/fr\/#\/schema\/logo\/image\/","url":"https:\/\/orillasnuevas.org\/wp-content\/uploads\/2024\/09\/ON_Portada-FB.jpg","contentUrl":"https:\/\/orillasnuevas.org\/wp-content\/uploads\/2024\/09\/ON_Portada-FB.jpg","width":1708,"height":750,"caption":"Orillas Nuevas"},"image":{"@id":"https:\/\/orillasnuevas.org\/fr\/#\/schema\/logo\/image\/"},"sameAs":["https:\/\/www.instagram.com\/orillasnuevas"]},{"@type":"Person","@id":"https:\/\/orillasnuevas.org\/fr\/#\/schema\/person\/e6d326b6c70c8b379ddbf522a8b90892","name":"orillasnuevasglosaestudio@gmail.com","image":{"@type":"ImageObject","inLanguage":"fr-FR","@id":"https:\/\/secure.gravatar.com\/avatar\/374578686dfa4f3267b5847b5cfe2f24c6eff592537aac399605cd601a787bec?s=96&d=mm&r=g","url":"https:\/\/secure.gravatar.com\/avatar\/374578686dfa4f3267b5847b5cfe2f24c6eff592537aac399605cd601a787bec?s=96&d=mm&r=g","contentUrl":"https:\/\/secure.gravatar.com\/avatar\/374578686dfa4f3267b5847b5cfe2f24c6eff592537aac399605cd601a787bec?s=96&d=mm&r=g","caption":"orillasnuevasglosaestudio@gmail.com"},"sameAs":["http:\/\/orillasnuevas.org"],"url":"https:\/\/orillasnuevas.org\/fr\/author\/orillasnuevasglosaestudiogmail-com\/"}]}},"_links":{"self":[{"href":"https:\/\/orillasnuevas.org\/fr\/wp-json\/wp\/v2\/posts\/4472","targetHints":{"allow":["GET"]}}],"collection":[{"href":"https:\/\/orillasnuevas.org\/fr\/wp-json\/wp\/v2\/posts"}],"about":[{"href":"https:\/\/orillasnuevas.org\/fr\/wp-json\/wp\/v2\/types\/post"}],"author":[{"embeddable":true,"href":"https:\/\/orillasnuevas.org\/fr\/wp-json\/wp\/v2\/users\/1"}],"replies":[{"embeddable":true,"href":"https:\/\/orillasnuevas.org\/fr\/wp-json\/wp\/v2\/comments?post=4472"}],"version-history":[{"count":3,"href":"https:\/\/orillasnuevas.org\/fr\/wp-json\/wp\/v2\/posts\/4472\/revisions"}],"predecessor-version":[{"id":4476,"href":"https:\/\/orillasnuevas.org\/fr\/wp-json\/wp\/v2\/posts\/4472\/revisions\/4476"}],"wp:featuredmedia":[{"embeddable":true,"href":"https:\/\/orillasnuevas.org\/fr\/wp-json\/wp\/v2\/media\/4474"}],"wp:attachment":[{"href":"https:\/\/orillasnuevas.org\/fr\/wp-json\/wp\/v2\/media?parent=4472"}],"wp:term":[{"taxonomy":"category","embeddable":true,"href":"https:\/\/orillasnuevas.org\/fr\/wp-json\/wp\/v2\/categories?post=4472"},{"taxonomy":"post_tag","embeddable":true,"href":"https:\/\/orillasnuevas.org\/fr\/wp-json\/wp\/v2\/tags?post=4472"}],"curies":[{"name":"wp","href":"https:\/\/api.w.org\/{rel}","templated":true}]}}