{"id":4854,"date":"2025-05-15T15:19:43","date_gmt":"2025-05-15T18:19:43","guid":{"rendered":"https:\/\/orillasnuevas.org\/?p=4854"},"modified":"2025-05-15T15:19:43","modified_gmt":"2025-05-15T18:19:43","slug":"lo-legal-tambien-es-creativo-nuestra-experiencia-en-orillas-nuevas-por-agustina-laboureau-y-ezequiel-canle-santamaria","status":"publish","type":"post","link":"https:\/\/orillasnuevas.org\/fr\/bitacora\/lo-legal-tambien-es-creativo-nuestra-experiencia-en-orillas-nuevas-por-agustina-laboureau-y-ezequiel-canle-santamaria\/","title":{"rendered":"Lo legal tambi\u00e9n es creativo: nuestra experiencia en Orillas Nuevas por Agustina Laboureau y Ezequiel Canle Santamaria"},"content":{"rendered":"<p>Tuvimos la alegr\u00eda de participar como mentores en&nbsp;<strong>Orillas Nuevas<\/strong>, un espacio que convoca a proyectos culturales de enorme potencia, sensibilidad y compromiso con sus comunidades. En nuestra clase sobre propiedad intelectual, compartimos herramientas legales pensadas desde y para las industrias creativas. No desde el miedo ni la complejidad, sino desde la claridad, la autonom\u00eda y la posibilidad de construir una relaci\u00f3n m\u00e1s estrat\u00e9gica con los derechos.<\/p>\n\n\n\n<p>Despu\u00e9s de esa primera instancia, fuimos convocados para acompa\u00f1ar a varios equipos en sesiones de asesoramiento personalizado. Ah\u00ed es donde m\u00e1s se nota el valor de este cruce entre derecho y cultura: cuando una artista encuentra la forma de formalizar una colaboraci\u00f3n sin perder la espontaneidad del proceso; cuando un colectivo entiende que registrar su marca no es \u201cburocracia\u201d, sino soberan\u00eda sobre su identidad; cuando una comunidad descubre que puede usar el dominio p\u00fablico para crear algo nuevo y potente.<\/p>\n\n\n\n<p>Este tipo de intercambios nos reafirman en lo que venimos trabajando:&nbsp;<strong>el derecho no es solo un \u201criesgo a contemplar\u201d, sino un recurso que puede ser usado creativamente para proteger, proyectar y escalar ideas<\/strong>. Y cuando se aplica con sensibilidad al contexto, conociendo los ritmos, las l\u00f3gicas y los deseos del sector cultural, se transforma en un aliado valioso.<\/p>\n\n\n\n<p>Desde nuestro lugar, seguimos apostando a construir ese puente entre lo jur\u00eddico y lo creativo, con el compromiso de hacerlo accesible, \u00fatil y emp\u00e1tico. Por eso, cada experiencia como esta no solo nos entusiasma, sino que tambi\u00e9n nos reafirma el camino:&nbsp;<strong>acompa\u00f1ar a quienes transforman la cultura desde sus m\u00e1rgenes, con herramientas legales que est\u00e9n a la altura de sus sue\u00f1os<\/strong>.<\/p>\n\n\n\n<p>Gracias infinitas al equipo de Orillas Nuevas por abrir este espacio de encuentro, escucha y acci\u00f3n, y a cada proyecto por compartir su proceso con tanta entrega.<\/p>\n\n\n\n<p>Por <a href=\"https:\/\/www.instagram.com\/lawgustine\/\" target=\"_blank\" rel=\"noreferrer noopener\">Agustina Laboureau<\/a> et <a href=\"https:\/\/www.instagram.com\/soyzequecanle\/\" target=\"_blank\" rel=\"noreferrer noopener\">Ezequiel Canle Santamaria<\/a>.<\/p>\n\n\n\n<figure class=\"wp-block-image size-full\"><img fetchpriority=\"high\" decoding=\"async\" width=\"1000\" height=\"600\" src=\"https:\/\/orillasnuevas.org\/wp-content\/uploads\/2025\/05\/2-1.webp\" alt=\"\" class=\"wp-image-4860\" srcset=\"https:\/\/orillasnuevas.org\/wp-content\/uploads\/2025\/05\/2-1.webp 1000w, https:\/\/orillasnuevas.org\/wp-content\/uploads\/2025\/05\/2-1-300x180.webp 300w, https:\/\/orillasnuevas.org\/wp-content\/uploads\/2025\/05\/2-1-768x461.webp 768w, https:\/\/orillasnuevas.org\/wp-content\/uploads\/2025\/05\/2-1-18x12.webp 18w\" sizes=\"(max-width: 1000px) 100vw, 1000px\" \/><\/figure>\n\n\n\n<figure class=\"wp-block-image size-full\"><img decoding=\"async\" width=\"1000\" height=\"600\" src=\"https:\/\/orillasnuevas.org\/wp-content\/uploads\/2025\/05\/3-1.webp\" alt=\"\" class=\"wp-image-4861\" srcset=\"https:\/\/orillasnuevas.org\/wp-content\/uploads\/2025\/05\/3-1.webp 1000w, https:\/\/orillasnuevas.org\/wp-content\/uploads\/2025\/05\/3-1-300x180.webp 300w, https:\/\/orillasnuevas.org\/wp-content\/uploads\/2025\/05\/3-1-768x461.webp 768w, https:\/\/orillasnuevas.org\/wp-content\/uploads\/2025\/05\/3-1-18x12.webp 18w\" sizes=\"(max-width: 1000px) 100vw, 1000px\" \/><\/figure>\n\n\n\n<figure class=\"wp-block-image size-full\"><img decoding=\"async\" width=\"1000\" height=\"600\" src=\"https:\/\/orillasnuevas.org\/wp-content\/uploads\/2025\/05\/4-1.webp\" alt=\"\" class=\"wp-image-4862\" srcset=\"https:\/\/orillasnuevas.org\/wp-content\/uploads\/2025\/05\/4-1.webp 1000w, https:\/\/orillasnuevas.org\/wp-content\/uploads\/2025\/05\/4-1-300x180.webp 300w, https:\/\/orillasnuevas.org\/wp-content\/uploads\/2025\/05\/4-1-768x461.webp 768w, https:\/\/orillasnuevas.org\/wp-content\/uploads\/2025\/05\/4-1-18x12.webp 18w\" sizes=\"(max-width: 1000px) 100vw, 1000px\" \/><\/figure>\n\n\n\n<figure class=\"wp-block-image size-full\"><img loading=\"lazy\" decoding=\"async\" width=\"1000\" height=\"600\" src=\"https:\/\/orillasnuevas.org\/wp-content\/uploads\/2025\/05\/5-1.webp\" alt=\"\" class=\"wp-image-4863\" srcset=\"https:\/\/orillasnuevas.org\/wp-content\/uploads\/2025\/05\/5-1.webp 1000w, https:\/\/orillasnuevas.org\/wp-content\/uploads\/2025\/05\/5-1-300x180.webp 300w, https:\/\/orillasnuevas.org\/wp-content\/uploads\/2025\/05\/5-1-768x461.webp 768w, https:\/\/orillasnuevas.org\/wp-content\/uploads\/2025\/05\/5-1-18x12.webp 18w\" sizes=\"(max-width: 1000px) 100vw, 1000px\" \/><\/figure>\n\n\n\n<figure class=\"wp-block-image size-full\"><img loading=\"lazy\" decoding=\"async\" width=\"1000\" height=\"600\" src=\"https:\/\/orillasnuevas.org\/wp-content\/uploads\/2025\/05\/6-1.webp\" alt=\"\" class=\"wp-image-4864\" srcset=\"https:\/\/orillasnuevas.org\/wp-content\/uploads\/2025\/05\/6-1.webp 1000w, https:\/\/orillasnuevas.org\/wp-content\/uploads\/2025\/05\/6-1-300x180.webp 300w, https:\/\/orillasnuevas.org\/wp-content\/uploads\/2025\/05\/6-1-768x461.webp 768w, https:\/\/orillasnuevas.org\/wp-content\/uploads\/2025\/05\/6-1-18x12.webp 18w\" sizes=\"(max-width: 1000px) 100vw, 1000px\" \/><\/figure>\n\n\n\n<figure class=\"wp-block-image size-full\"><img loading=\"lazy\" decoding=\"async\" width=\"1000\" height=\"600\" src=\"https:\/\/orillasnuevas.org\/wp-content\/uploads\/2025\/05\/7-1.webp\" alt=\"\" class=\"wp-image-4865\" srcset=\"https:\/\/orillasnuevas.org\/wp-content\/uploads\/2025\/05\/7-1.webp 1000w, https:\/\/orillasnuevas.org\/wp-content\/uploads\/2025\/05\/7-1-300x180.webp 300w, https:\/\/orillasnuevas.org\/wp-content\/uploads\/2025\/05\/7-1-768x461.webp 768w, https:\/\/orillasnuevas.org\/wp-content\/uploads\/2025\/05\/7-1-18x12.webp 18w\" sizes=\"(max-width: 1000px) 100vw, 1000px\" \/><\/figure>\n\n\n\n<p>Ph\u00a0<a href=\"https:\/\/www.instagram.com\/fotoadrisalgueiro\" target=\"_blank\" rel=\"noreferrer noopener\">Adri\u00e1n Salgueiro<\/a>.<\/p>\n\n\n\n<p><\/p>","protected":false},"excerpt":{"rendered":"<p>Tuvimos la alegr\u00eda de participar como mentores en\u00a0Orillas Nuevas, un espacio que convoca a proyectos culturales de enorme potencia, sensibilidad y compromiso con sus comunidades. En nuestra clase sobre propiedad intelectual, compartimos herramientas legales pensadas desde y para las industrias creativas.<\/p>","protected":false},"author":1,"featured_media":4859,"comment_status":"open","ping_status":"open","sticky":false,"template":"","format":"standard","meta":{"neve_meta_sidebar":"","neve_meta_container":"","neve_meta_enable_content_width":"","neve_meta_content_width":0,"neve_meta_title_alignment":"","neve_meta_author_avatar":"","neve_post_elements_order":"","neve_meta_disable_header":"","neve_meta_disable_footer":"","neve_meta_disable_title":"","footnotes":""},"categories":[10],"tags":[],"class_list":["post-4854","post","type-post","status-publish","format-standard","has-post-thumbnail","hentry","category-bitacora"],"yoast_head":"<!-- This site is optimized with the Yoast SEO plugin v27.4 - https:\/\/yoast.com\/product\/yoast-seo-wordpress\/ -->\n<title>Lo legal tambi\u00e9n es creativo: nuestra experiencia en Orillas Nuevas por Agustina Laboureau y Ezequiel Canle Santamaria - Orillas Nuevas<\/title>\n<meta name=\"robots\" content=\"index, follow, max-snippet:-1, max-image-preview:large, max-video-preview:-1\" \/>\n<link rel=\"canonical\" href=\"https:\/\/orillasnuevas.org\/fr\/bitacora\/lo-legal-tambien-es-creativo-nuestra-experiencia-en-orillas-nuevas-por-agustina-laboureau-y-ezequiel-canle-santamaria\/\" \/>\n<meta property=\"og:locale\" content=\"fr_FR\" \/>\n<meta property=\"og:type\" content=\"article\" \/>\n<meta property=\"og:title\" content=\"Lo legal tambi\u00e9n es creativo: nuestra experiencia en Orillas Nuevas por Agustina Laboureau y Ezequiel Canle Santamaria - Orillas Nuevas\" \/>\n<meta property=\"og:description\" content=\"Tuvimos la alegr\u00eda de participar como mentores en\u00a0Orillas Nuevas, un espacio que convoca a proyectos culturales de enorme potencia, sensibilidad y compromiso con sus comunidades. En nuestra clase sobre propiedad intelectual, compartimos herramientas legales pensadas desde y para las industrias creativas.\" \/>\n<meta property=\"og:url\" content=\"https:\/\/orillasnuevas.org\/fr\/bitacora\/lo-legal-tambien-es-creativo-nuestra-experiencia-en-orillas-nuevas-por-agustina-laboureau-y-ezequiel-canle-santamaria\/\" \/>\n<meta property=\"og:site_name\" content=\"Orillas Nuevas\" \/>\n<meta property=\"article:published_time\" content=\"2025-05-15T18:19:43+00:00\" \/>\n<meta property=\"og:image\" content=\"https:\/\/orillasnuevas.org\/wp-content\/uploads\/2025\/05\/1-1.webp\" \/>\n\t<meta property=\"og:image:width\" content=\"1000\" \/>\n\t<meta property=\"og:image:height\" content=\"600\" \/>\n\t<meta property=\"og:image:type\" content=\"image\/webp\" \/>\n<meta name=\"author\" content=\"orillasnuevasglosaestudio@gmail.com\" \/>\n<meta name=\"twitter:card\" content=\"summary_large_image\" \/>\n<meta name=\"twitter:label1\" content=\"\u00c9crit par\" \/>\n\t<meta name=\"twitter:data1\" content=\"orillasnuevasglosaestudio@gmail.com\" \/>\n\t<meta name=\"twitter:label2\" content=\"Dur\u00e9e de lecture estim\u00e9e\" \/>\n\t<meta name=\"twitter:data2\" content=\"3 minutes\" \/>\n<script type=\"application\/ld+json\" class=\"yoast-schema-graph\">{\"@context\":\"https:\\\/\\\/schema.org\",\"@graph\":[{\"@type\":\"Article\",\"@id\":\"https:\\\/\\\/orillasnuevas.org\\\/bitacora\\\/lo-legal-tambien-es-creativo-nuestra-experiencia-en-orillas-nuevas-por-agustina-laboureau-y-ezequiel-canle-santamaria\\\/#article\",\"isPartOf\":{\"@id\":\"https:\\\/\\\/orillasnuevas.org\\\/bitacora\\\/lo-legal-tambien-es-creativo-nuestra-experiencia-en-orillas-nuevas-por-agustina-laboureau-y-ezequiel-canle-santamaria\\\/\"},\"author\":{\"name\":\"orillasnuevasglosaestudio@gmail.com\",\"@id\":\"https:\\\/\\\/orillasnuevas.org\\\/fr\\\/#\\\/schema\\\/person\\\/e6d326b6c70c8b379ddbf522a8b90892\"},\"headline\":\"Lo legal tambi\u00e9n es creativo: nuestra experiencia en Orillas Nuevas por Agustina Laboureau y Ezequiel Canle Santamaria\",\"datePublished\":\"2025-05-15T18:19:43+00:00\",\"mainEntityOfPage\":{\"@id\":\"https:\\\/\\\/orillasnuevas.org\\\/bitacora\\\/lo-legal-tambien-es-creativo-nuestra-experiencia-en-orillas-nuevas-por-agustina-laboureau-y-ezequiel-canle-santamaria\\\/\"},\"wordCount\":346,\"commentCount\":0,\"publisher\":{\"@id\":\"https:\\\/\\\/orillasnuevas.org\\\/fr\\\/#organization\"},\"image\":{\"@id\":\"https:\\\/\\\/orillasnuevas.org\\\/bitacora\\\/lo-legal-tambien-es-creativo-nuestra-experiencia-en-orillas-nuevas-por-agustina-laboureau-y-ezequiel-canle-santamaria\\\/#primaryimage\"},\"thumbnailUrl\":\"https:\\\/\\\/orillasnuevas.org\\\/wp-content\\\/uploads\\\/2025\\\/05\\\/1-1.webp\",\"articleSection\":[\"Bit\u00e1cora\"],\"inLanguage\":\"fr-FR\",\"potentialAction\":[{\"@type\":\"CommentAction\",\"name\":\"Comment\",\"target\":[\"https:\\\/\\\/orillasnuevas.org\\\/bitacora\\\/lo-legal-tambien-es-creativo-nuestra-experiencia-en-orillas-nuevas-por-agustina-laboureau-y-ezequiel-canle-santamaria\\\/#respond\"]}]},{\"@type\":\"WebPage\",\"@id\":\"https:\\\/\\\/orillasnuevas.org\\\/bitacora\\\/lo-legal-tambien-es-creativo-nuestra-experiencia-en-orillas-nuevas-por-agustina-laboureau-y-ezequiel-canle-santamaria\\\/\",\"url\":\"https:\\\/\\\/orillasnuevas.org\\\/bitacora\\\/lo-legal-tambien-es-creativo-nuestra-experiencia-en-orillas-nuevas-por-agustina-laboureau-y-ezequiel-canle-santamaria\\\/\",\"name\":\"Lo legal tambi\u00e9n es creativo: nuestra experiencia en Orillas Nuevas por Agustina Laboureau y Ezequiel Canle Santamaria - Orillas Nuevas\",\"isPartOf\":{\"@id\":\"https:\\\/\\\/orillasnuevas.org\\\/fr\\\/#website\"},\"primaryImageOfPage\":{\"@id\":\"https:\\\/\\\/orillasnuevas.org\\\/bitacora\\\/lo-legal-tambien-es-creativo-nuestra-experiencia-en-orillas-nuevas-por-agustina-laboureau-y-ezequiel-canle-santamaria\\\/#primaryimage\"},\"image\":{\"@id\":\"https:\\\/\\\/orillasnuevas.org\\\/bitacora\\\/lo-legal-tambien-es-creativo-nuestra-experiencia-en-orillas-nuevas-por-agustina-laboureau-y-ezequiel-canle-santamaria\\\/#primaryimage\"},\"thumbnailUrl\":\"https:\\\/\\\/orillasnuevas.org\\\/wp-content\\\/uploads\\\/2025\\\/05\\\/1-1.webp\",\"datePublished\":\"2025-05-15T18:19:43+00:00\",\"breadcrumb\":{\"@id\":\"https:\\\/\\\/orillasnuevas.org\\\/bitacora\\\/lo-legal-tambien-es-creativo-nuestra-experiencia-en-orillas-nuevas-por-agustina-laboureau-y-ezequiel-canle-santamaria\\\/#breadcrumb\"},\"inLanguage\":\"fr-FR\",\"potentialAction\":[{\"@type\":\"ReadAction\",\"target\":[\"https:\\\/\\\/orillasnuevas.org\\\/bitacora\\\/lo-legal-tambien-es-creativo-nuestra-experiencia-en-orillas-nuevas-por-agustina-laboureau-y-ezequiel-canle-santamaria\\\/\"]}]},{\"@type\":\"ImageObject\",\"inLanguage\":\"fr-FR\",\"@id\":\"https:\\\/\\\/orillasnuevas.org\\\/bitacora\\\/lo-legal-tambien-es-creativo-nuestra-experiencia-en-orillas-nuevas-por-agustina-laboureau-y-ezequiel-canle-santamaria\\\/#primaryimage\",\"url\":\"https:\\\/\\\/orillasnuevas.org\\\/wp-content\\\/uploads\\\/2025\\\/05\\\/1-1.webp\",\"contentUrl\":\"https:\\\/\\\/orillasnuevas.org\\\/wp-content\\\/uploads\\\/2025\\\/05\\\/1-1.webp\",\"width\":1000,\"height\":600},{\"@type\":\"BreadcrumbList\",\"@id\":\"https:\\\/\\\/orillasnuevas.org\\\/bitacora\\\/lo-legal-tambien-es-creativo-nuestra-experiencia-en-orillas-nuevas-por-agustina-laboureau-y-ezequiel-canle-santamaria\\\/#breadcrumb\",\"itemListElement\":[{\"@type\":\"ListItem\",\"position\":1,\"name\":\"Inicio\",\"item\":\"https:\\\/\\\/orillasnuevas.org\\\/\"},{\"@type\":\"ListItem\",\"position\":2,\"name\":\"Lo legal tambi\u00e9n es creativo: nuestra experiencia en Orillas Nuevas por Agustina Laboureau y Ezequiel Canle Santamaria\"}]},{\"@type\":\"WebSite\",\"@id\":\"https:\\\/\\\/orillasnuevas.org\\\/fr\\\/#website\",\"url\":\"https:\\\/\\\/orillasnuevas.org\\\/fr\\\/\",\"name\":\"Orillas Nuevas\",\"description\":\"Programa de apoyo, financiamiento e internacionalizaci\u00f3n de las industrias culturales y creativas en Argentina organizado por el Institut fran\u00e7ais d\u2019Argentine.\",\"publisher\":{\"@id\":\"https:\\\/\\\/orillasnuevas.org\\\/fr\\\/#organization\"},\"potentialAction\":[{\"@type\":\"SearchAction\",\"target\":{\"@type\":\"EntryPoint\",\"urlTemplate\":\"https:\\\/\\\/orillasnuevas.org\\\/fr\\\/?s={search_term_string}\"},\"query-input\":{\"@type\":\"PropertyValueSpecification\",\"valueRequired\":true,\"valueName\":\"search_term_string\"}}],\"inLanguage\":\"fr-FR\"},{\"@type\":\"Organization\",\"@id\":\"https:\\\/\\\/orillasnuevas.org\\\/fr\\\/#organization\",\"name\":\"Orillas Nuevas\",\"url\":\"https:\\\/\\\/orillasnuevas.org\\\/fr\\\/\",\"logo\":{\"@type\":\"ImageObject\",\"inLanguage\":\"fr-FR\",\"@id\":\"https:\\\/\\\/orillasnuevas.org\\\/fr\\\/#\\\/schema\\\/logo\\\/image\\\/\",\"url\":\"https:\\\/\\\/orillasnuevas.org\\\/wp-content\\\/uploads\\\/2024\\\/09\\\/ON_Portada-FB.jpg\",\"contentUrl\":\"https:\\\/\\\/orillasnuevas.org\\\/wp-content\\\/uploads\\\/2024\\\/09\\\/ON_Portada-FB.jpg\",\"width\":1708,\"height\":750,\"caption\":\"Orillas Nuevas\"},\"image\":{\"@id\":\"https:\\\/\\\/orillasnuevas.org\\\/fr\\\/#\\\/schema\\\/logo\\\/image\\\/\"},\"sameAs\":[\"https:\\\/\\\/www.instagram.com\\\/orillasnuevas\"]},{\"@type\":\"Person\",\"@id\":\"https:\\\/\\\/orillasnuevas.org\\\/fr\\\/#\\\/schema\\\/person\\\/e6d326b6c70c8b379ddbf522a8b90892\",\"name\":\"orillasnuevasglosaestudio@gmail.com\",\"image\":{\"@type\":\"ImageObject\",\"inLanguage\":\"fr-FR\",\"@id\":\"https:\\\/\\\/secure.gravatar.com\\\/avatar\\\/374578686dfa4f3267b5847b5cfe2f24c6eff592537aac399605cd601a787bec?s=96&d=mm&r=g\",\"url\":\"https:\\\/\\\/secure.gravatar.com\\\/avatar\\\/374578686dfa4f3267b5847b5cfe2f24c6eff592537aac399605cd601a787bec?s=96&d=mm&r=g\",\"contentUrl\":\"https:\\\/\\\/secure.gravatar.com\\\/avatar\\\/374578686dfa4f3267b5847b5cfe2f24c6eff592537aac399605cd601a787bec?s=96&d=mm&r=g\",\"caption\":\"orillasnuevasglosaestudio@gmail.com\"},\"sameAs\":[\"http:\\\/\\\/orillasnuevas.org\"],\"url\":\"https:\\\/\\\/orillasnuevas.org\\\/fr\\\/author\\\/orillasnuevasglosaestudiogmail-com\\\/\"}]}<\/script>\n<!-- \/ Yoast SEO plugin. -->","yoast_head_json":{"title":"Lo legal tambi\u00e9n es creativo: nuestra experiencia en Orillas Nuevas por Agustina Laboureau y Ezequiel Canle Santamaria - Orillas Nuevas","robots":{"index":"index","follow":"follow","max-snippet":"max-snippet:-1","max-image-preview":"max-image-preview:large","max-video-preview":"max-video-preview:-1"},"canonical":"https:\/\/orillasnuevas.org\/fr\/bitacora\/lo-legal-tambien-es-creativo-nuestra-experiencia-en-orillas-nuevas-por-agustina-laboureau-y-ezequiel-canle-santamaria\/","og_locale":"fr_FR","og_type":"article","og_title":"Lo legal tambi\u00e9n es creativo: nuestra experiencia en Orillas Nuevas por Agustina Laboureau y Ezequiel Canle Santamaria - Orillas Nuevas","og_description":"Tuvimos la alegr\u00eda de participar como mentores en\u00a0Orillas Nuevas, un espacio que convoca a proyectos culturales de enorme potencia, sensibilidad y compromiso con sus comunidades. En nuestra clase sobre propiedad intelectual, compartimos herramientas legales pensadas desde y para las industrias creativas.","og_url":"https:\/\/orillasnuevas.org\/fr\/bitacora\/lo-legal-tambien-es-creativo-nuestra-experiencia-en-orillas-nuevas-por-agustina-laboureau-y-ezequiel-canle-santamaria\/","og_site_name":"Orillas Nuevas","article_published_time":"2025-05-15T18:19:43+00:00","og_image":[{"width":1000,"height":600,"url":"https:\/\/orillasnuevas.org\/wp-content\/uploads\/2025\/05\/1-1.webp","type":"image\/webp"}],"author":"orillasnuevasglosaestudio@gmail.com","twitter_card":"summary_large_image","twitter_misc":{"\u00c9crit par":"orillasnuevasglosaestudio@gmail.com","Dur\u00e9e de lecture estim\u00e9e":"3 minutes"},"schema":{"@context":"https:\/\/schema.org","@graph":[{"@type":"Article","@id":"https:\/\/orillasnuevas.org\/bitacora\/lo-legal-tambien-es-creativo-nuestra-experiencia-en-orillas-nuevas-por-agustina-laboureau-y-ezequiel-canle-santamaria\/#article","isPartOf":{"@id":"https:\/\/orillasnuevas.org\/bitacora\/lo-legal-tambien-es-creativo-nuestra-experiencia-en-orillas-nuevas-por-agustina-laboureau-y-ezequiel-canle-santamaria\/"},"author":{"name":"orillasnuevasglosaestudio@gmail.com","@id":"https:\/\/orillasnuevas.org\/fr\/#\/schema\/person\/e6d326b6c70c8b379ddbf522a8b90892"},"headline":"Lo legal tambi\u00e9n es creativo: nuestra experiencia en Orillas Nuevas por Agustina Laboureau y Ezequiel Canle Santamaria","datePublished":"2025-05-15T18:19:43+00:00","mainEntityOfPage":{"@id":"https:\/\/orillasnuevas.org\/bitacora\/lo-legal-tambien-es-creativo-nuestra-experiencia-en-orillas-nuevas-por-agustina-laboureau-y-ezequiel-canle-santamaria\/"},"wordCount":346,"commentCount":0,"publisher":{"@id":"https:\/\/orillasnuevas.org\/fr\/#organization"},"image":{"@id":"https:\/\/orillasnuevas.org\/bitacora\/lo-legal-tambien-es-creativo-nuestra-experiencia-en-orillas-nuevas-por-agustina-laboureau-y-ezequiel-canle-santamaria\/#primaryimage"},"thumbnailUrl":"https:\/\/orillasnuevas.org\/wp-content\/uploads\/2025\/05\/1-1.webp","articleSection":["Bit\u00e1cora"],"inLanguage":"fr-FR","potentialAction":[{"@type":"CommentAction","name":"Comment","target":["https:\/\/orillasnuevas.org\/bitacora\/lo-legal-tambien-es-creativo-nuestra-experiencia-en-orillas-nuevas-por-agustina-laboureau-y-ezequiel-canle-santamaria\/#respond"]}]},{"@type":"WebPage","@id":"https:\/\/orillasnuevas.org\/bitacora\/lo-legal-tambien-es-creativo-nuestra-experiencia-en-orillas-nuevas-por-agustina-laboureau-y-ezequiel-canle-santamaria\/","url":"https:\/\/orillasnuevas.org\/bitacora\/lo-legal-tambien-es-creativo-nuestra-experiencia-en-orillas-nuevas-por-agustina-laboureau-y-ezequiel-canle-santamaria\/","name":"Lo legal tambi\u00e9n es creativo: nuestra experiencia en Orillas Nuevas por Agustina Laboureau y Ezequiel Canle Santamaria - Orillas Nuevas","isPartOf":{"@id":"https:\/\/orillasnuevas.org\/fr\/#website"},"primaryImageOfPage":{"@id":"https:\/\/orillasnuevas.org\/bitacora\/lo-legal-tambien-es-creativo-nuestra-experiencia-en-orillas-nuevas-por-agustina-laboureau-y-ezequiel-canle-santamaria\/#primaryimage"},"image":{"@id":"https:\/\/orillasnuevas.org\/bitacora\/lo-legal-tambien-es-creativo-nuestra-experiencia-en-orillas-nuevas-por-agustina-laboureau-y-ezequiel-canle-santamaria\/#primaryimage"},"thumbnailUrl":"https:\/\/orillasnuevas.org\/wp-content\/uploads\/2025\/05\/1-1.webp","datePublished":"2025-05-15T18:19:43+00:00","breadcrumb":{"@id":"https:\/\/orillasnuevas.org\/bitacora\/lo-legal-tambien-es-creativo-nuestra-experiencia-en-orillas-nuevas-por-agustina-laboureau-y-ezequiel-canle-santamaria\/#breadcrumb"},"inLanguage":"fr-FR","potentialAction":[{"@type":"ReadAction","target":["https:\/\/orillasnuevas.org\/bitacora\/lo-legal-tambien-es-creativo-nuestra-experiencia-en-orillas-nuevas-por-agustina-laboureau-y-ezequiel-canle-santamaria\/"]}]},{"@type":"ImageObject","inLanguage":"fr-FR","@id":"https:\/\/orillasnuevas.org\/bitacora\/lo-legal-tambien-es-creativo-nuestra-experiencia-en-orillas-nuevas-por-agustina-laboureau-y-ezequiel-canle-santamaria\/#primaryimage","url":"https:\/\/orillasnuevas.org\/wp-content\/uploads\/2025\/05\/1-1.webp","contentUrl":"https:\/\/orillasnuevas.org\/wp-content\/uploads\/2025\/05\/1-1.webp","width":1000,"height":600},{"@type":"BreadcrumbList","@id":"https:\/\/orillasnuevas.org\/bitacora\/lo-legal-tambien-es-creativo-nuestra-experiencia-en-orillas-nuevas-por-agustina-laboureau-y-ezequiel-canle-santamaria\/#breadcrumb","itemListElement":[{"@type":"ListItem","position":1,"name":"Inicio","item":"https:\/\/orillasnuevas.org\/"},{"@type":"ListItem","position":2,"name":"Lo legal tambi\u00e9n es creativo: nuestra experiencia en Orillas Nuevas por Agustina Laboureau y Ezequiel Canle Santamaria"}]},{"@type":"WebSite","@id":"https:\/\/orillasnuevas.org\/fr\/#website","url":"https:\/\/orillasnuevas.org\/fr\/","name":"Orillas Nuevas","description":"Programa de apoyo, financiamiento e internacionalizaci\u00f3n de las industrias culturales y creativas en Argentina organizado por el Institut fran\u00e7ais d\u2019Argentine.","publisher":{"@id":"https:\/\/orillasnuevas.org\/fr\/#organization"},"potentialAction":[{"@type":"SearchAction","target":{"@type":"EntryPoint","urlTemplate":"https:\/\/orillasnuevas.org\/fr\/?s={search_term_string}"},"query-input":{"@type":"PropertyValueSpecification","valueRequired":true,"valueName":"search_term_string"}}],"inLanguage":"fr-FR"},{"@type":"Organization","@id":"https:\/\/orillasnuevas.org\/fr\/#organization","name":"Orillas Nuevas","url":"https:\/\/orillasnuevas.org\/fr\/","logo":{"@type":"ImageObject","inLanguage":"fr-FR","@id":"https:\/\/orillasnuevas.org\/fr\/#\/schema\/logo\/image\/","url":"https:\/\/orillasnuevas.org\/wp-content\/uploads\/2024\/09\/ON_Portada-FB.jpg","contentUrl":"https:\/\/orillasnuevas.org\/wp-content\/uploads\/2024\/09\/ON_Portada-FB.jpg","width":1708,"height":750,"caption":"Orillas Nuevas"},"image":{"@id":"https:\/\/orillasnuevas.org\/fr\/#\/schema\/logo\/image\/"},"sameAs":["https:\/\/www.instagram.com\/orillasnuevas"]},{"@type":"Person","@id":"https:\/\/orillasnuevas.org\/fr\/#\/schema\/person\/e6d326b6c70c8b379ddbf522a8b90892","name":"orillasnuevasglosaestudio@gmail.com","image":{"@type":"ImageObject","inLanguage":"fr-FR","@id":"https:\/\/secure.gravatar.com\/avatar\/374578686dfa4f3267b5847b5cfe2f24c6eff592537aac399605cd601a787bec?s=96&d=mm&r=g","url":"https:\/\/secure.gravatar.com\/avatar\/374578686dfa4f3267b5847b5cfe2f24c6eff592537aac399605cd601a787bec?s=96&d=mm&r=g","contentUrl":"https:\/\/secure.gravatar.com\/avatar\/374578686dfa4f3267b5847b5cfe2f24c6eff592537aac399605cd601a787bec?s=96&d=mm&r=g","caption":"orillasnuevasglosaestudio@gmail.com"},"sameAs":["http:\/\/orillasnuevas.org"],"url":"https:\/\/orillasnuevas.org\/fr\/author\/orillasnuevasglosaestudiogmail-com\/"}]}},"_links":{"self":[{"href":"https:\/\/orillasnuevas.org\/fr\/wp-json\/wp\/v2\/posts\/4854","targetHints":{"allow":["GET"]}}],"collection":[{"href":"https:\/\/orillasnuevas.org\/fr\/wp-json\/wp\/v2\/posts"}],"about":[{"href":"https:\/\/orillasnuevas.org\/fr\/wp-json\/wp\/v2\/types\/post"}],"author":[{"embeddable":true,"href":"https:\/\/orillasnuevas.org\/fr\/wp-json\/wp\/v2\/users\/1"}],"replies":[{"embeddable":true,"href":"https:\/\/orillasnuevas.org\/fr\/wp-json\/wp\/v2\/comments?post=4854"}],"version-history":[{"count":2,"href":"https:\/\/orillasnuevas.org\/fr\/wp-json\/wp\/v2\/posts\/4854\/revisions"}],"predecessor-version":[{"id":4874,"href":"https:\/\/orillasnuevas.org\/fr\/wp-json\/wp\/v2\/posts\/4854\/revisions\/4874"}],"wp:featuredmedia":[{"embeddable":true,"href":"https:\/\/orillasnuevas.org\/fr\/wp-json\/wp\/v2\/media\/4859"}],"wp:attachment":[{"href":"https:\/\/orillasnuevas.org\/fr\/wp-json\/wp\/v2\/media?parent=4854"}],"wp:term":[{"taxonomy":"category","embeddable":true,"href":"https:\/\/orillasnuevas.org\/fr\/wp-json\/wp\/v2\/categories?post=4854"},{"taxonomy":"post_tag","embeddable":true,"href":"https:\/\/orillasnuevas.org\/fr\/wp-json\/wp\/v2\/tags?post=4854"}],"curies":[{"name":"wp","href":"https:\/\/api.w.org\/{rel}","templated":true}]}}