{"id":5067,"date":"2025-07-10T13:22:17","date_gmt":"2025-07-10T16:22:17","guid":{"rendered":"https:\/\/orillasnuevas.org\/?p=5067"},"modified":"2025-07-10T13:22:17","modified_gmt":"2025-07-10T16:22:17","slug":"diario-de-viaje-sobre-el-clima-y-la-transformacion-por-diego-castro","status":"publish","type":"post","link":"https:\/\/orillasnuevas.org\/fr\/bitacora-de-viaje\/diario-de-viaje-sobre-el-clima-y-la-transformacion-por-diego-castro\/","title":{"rendered":"Diario de viaje: Sobre el clima y la transformaci\u00f3n por Diego Castro"},"content":{"rendered":"<p>Llegu\u00e9 a Par\u00eds el 1 de abril, en una tarde agradable con cielo celeste. No fueron pocos quienes me dijeron que era la mejor \u00e9poca para visitar la ciudad. La primavera comenzaba y yo hab\u00eda dejado el oto\u00f1o en Rosario.<\/p>\n\n\n\n<p>A la ma\u00f1ana siguiente, Claudia y Mina nos esperaban en la puerta de la <em>R\u00e9cidence des R\u00e9collets. <\/em>Ellas coordinan la <em>Paris XR Residency <\/em>que organiza el Festival <em>NewImages, <\/em>y fueron siempre encantadoras. Los artistas en residencia \u00e9ramos tres: Bel\u00e9n, Laura y yo. Bel\u00e9n es de Paraguay y Laura vive en Canad\u00e1, pero es de origen colombiano. Podr\u00eda decirse que formamos una peque\u00f1a comunidad latinoamericana, pero creo que es mucho m\u00e1s poderoso pensar en un simple lazo de amistad.<\/p>\n\n\n\n<p>Claudia y Mina nos llevaron hasta la <em><a href=\"https:\/\/www.instagram.com\/citedessciences\/\" target=\"_blank\" rel=\"noreferrer noopener\">Cit\u00e9 des Sciences et de l\u2019Industrie<\/a> <\/em>donde estar\u00eda nuestro lugar de trabajo. Por eso estaba all\u00ed, para desarrollar mi proyecto de pel\u00edcula full-dome, <em><a href=\"https:\/\/orillasnuevas.org\/fr\/los-visitantes\/\" target=\"_blank\" rel=\"noreferrer noopener\">Les Visiteurs<\/a>.<\/em><\/p>\n\n\n\n<p>Nos recibi\u00f3 Alexandra y nos gui\u00f3 por los cinco pisos del museo (\u00bferan cinco? Creo que s\u00ed, dos de subsuelo y tres niveles arriba). Nos cont\u00f3 que, antes de la inauguraci\u00f3n en los a\u00f1os 80, en ese edificio funcionaba un gran frigor\u00edfico. Tal vez por eso el barrio de <em>La Villette<\/em>, donde est\u00e1 ubicado, est\u00e1 lleno de carnicer\u00edas.<\/p>\n\n\n\n<p>La Cit\u00e9 es enorme, alberga desde un planetario hasta un submarino y numerosas instalaciones interactivas referidas a la ciencia y la tecnolog\u00eda. Nuestro espacio de trabajo estaba en el primer subsuelo, en el <em>Carrefour Numerique<\/em>, un \u00e1rea dedicada al desarrollo de experiencias digitales y tecnolog\u00edas emergentes.<\/p>\n\n\n\n<p>El mes de residencia se dividi\u00f3 en distintos momentos. Al comienzo, se trat\u00f3 de familiarizarnos con el espacio y entre nosotros, dejar atr\u00e1s las dudas y enfocarnos en los proyectos. Yo ten\u00eda mucho inter\u00e9s en ver toda la programaci\u00f3n del planetario y tambi\u00e9n las experiencias VR que se testeaban en el <em>Carrefour Numerique<\/em>.<\/p>\n\n\n\n<p>En el medio del proceso tuvo lugar el <em><a href=\"https:\/\/www.instagram.com\/newimages.festival\/\" target=\"_blank\" rel=\"noreferrer noopener\">Festival NewImages<\/a><\/em>, en el <em><a href=\"https:\/\/www.instagram.com\/forumdesimages\/\" target=\"_blank\" rel=\"noreferrer noopener\">Forum des Images<\/a><\/em>, un espacio muy amable donde conviven vanguardias digitales e industria. Los primeros tres d\u00edas fueron los <em>Industry Days<\/em>, en mi caso, form\u00e9 parte del <em>XR Development Market <\/em>con mi proyecto <em>Les Visiteurs<\/em>. Fue un espacio intenso que me empuj\u00f3 a pensar el proyecto desde otro \u00e1ngulo: el financiero. Pude hablar con representantes de fondos, festivales, museos, distribuidoras y productoras. Tambi\u00e9n particip\u00e9 en charlas, bootcamps y paneles sobre el universo XR que parece en transformaci\u00f3n constante. Adem\u00e1s, el festival ten\u00eda una programaci\u00f3n amplia y diversa que quer\u00eda ver.<\/p>\n\n\n\n<p>Las \u00faltimas dos semanas estuvieron dedicadas a profundizar en el desarrollo. El guion ya estaba encaminado, as\u00ed que comenc\u00e9 a trabajar en el prototipo. Nuestro mentor durante la Residencia, Pierre Friquet, me acerc\u00f3 nuevas herramientas con las que me fui familiarizando de a poco. Decid\u00ed hacer el prototipo en versi\u00f3n VR b\u00e1sicamente porque es m\u00e1s accesible contar con un visor VR que con un domo. De todos modos, la idea es realizar el mismo prototipo para ambos dispositivos.<\/p>\n\n\n\n<p>En ese tiempo pens\u00e9 mucho en c\u00f3mo contar <em>Les Visiteurs <\/em>y cu\u00e1l era la mejor manera de transmitir su mundo. Es importante brindar informaci\u00f3n sobre la colonia de murci\u00e9lagos: que est\u00e1 ubicada en medio de la ciudad, que desde hace 100 a\u00f1os llegan cada noviembre a dar a luz a sus cr\u00edas. Tambi\u00e9n es clave explicar que pretendemos contar una historia familiar, mezclando animaci\u00f3n e im\u00e1genes reales en 360. Pero lo esencial, creo yo, es transmitir un clima y sensaciones que conecten con la experiencia sensorial que el proyecto busca generar.<\/p>\n\n\n\n<p>Paralelamente, Claudia y Mina nos llevaron a conocer distintos espacios del ecosistema XR de Par\u00eds. Fuimos al <em>Grand Palais Immersif, <\/em>a las productoras <em>Dada<\/em>, <em>Small Creative<\/em>, <em>Atlas V <\/em>y la distribuidora <em>Diversion. <\/em>Estos recorridos fueron importantes tanto para conocer de cerca el trabajo que all\u00ed se desarrolla como para que esos espacios conocieran nuestros proyectos, que sepan que ac\u00e1, en el sur, hay una propuesta que vincula naturaleza y ciencia, pensada para domo, y que se est\u00e1 desarrollando con mucho empuje para existir.<\/p>\n\n\n\n<p>Tambi\u00e9n hay algo valioso, y quiz\u00e1s transformador, en el ejercicio de contar una y otra vez el mismo proyecto con las mismas intenciones a distintas personas. Algo de esa repetici\u00f3n ordena, afina y fortalece.<\/p>\n\n\n\n<p>La Residencia cerr\u00f3 con una jornada de Restituci\u00f3n en el <em>Forum des Images. <\/em>Presentamos nuestros proyectos y pusimos a prueba los prototipos en VR. Fue un buen momento para visualizar el recorrido. Despu\u00e9s, s\u00f3lo quedaba agradecer la calidez de todos los que compartieron este mes con nosotros en el <em>Forum<\/em>, en la <em>Cit\u00e9 <\/em>y en <em>R\u00e9collets<\/em>.<\/p>\n\n\n\n<p>Por <a href=\"https:\/\/www.instagram.com\/dm_castro06\/\" target=\"_blank\" rel=\"noreferrer noopener\">Diego Castro<\/a>.<\/p>\n\n\n\n<figure class=\"wp-block-image size-full\"><img fetchpriority=\"high\" decoding=\"async\" width=\"1000\" height=\"600\" src=\"https:\/\/orillasnuevas.org\/wp-content\/uploads\/2025\/07\/2.webp\" alt=\"\" class=\"wp-image-5070\" srcset=\"https:\/\/orillasnuevas.org\/wp-content\/uploads\/2025\/07\/2.webp 1000w, https:\/\/orillasnuevas.org\/wp-content\/uploads\/2025\/07\/2-300x180.webp 300w, https:\/\/orillasnuevas.org\/wp-content\/uploads\/2025\/07\/2-768x461.webp 768w, https:\/\/orillasnuevas.org\/wp-content\/uploads\/2025\/07\/2-18x12.webp 18w\" sizes=\"(max-width: 1000px) 100vw, 1000px\" \/><\/figure>\n\n\n\n<figure class=\"wp-block-image size-full\"><img decoding=\"async\" width=\"1000\" height=\"600\" src=\"https:\/\/orillasnuevas.org\/wp-content\/uploads\/2025\/07\/3.webp\" alt=\"\" class=\"wp-image-5071\" srcset=\"https:\/\/orillasnuevas.org\/wp-content\/uploads\/2025\/07\/3.webp 1000w, https:\/\/orillasnuevas.org\/wp-content\/uploads\/2025\/07\/3-300x180.webp 300w, https:\/\/orillasnuevas.org\/wp-content\/uploads\/2025\/07\/3-768x461.webp 768w, https:\/\/orillasnuevas.org\/wp-content\/uploads\/2025\/07\/3-18x12.webp 18w\" sizes=\"(max-width: 1000px) 100vw, 1000px\" \/><\/figure>\n\n\n\n<figure class=\"wp-block-gallery has-nested-images columns-default is-cropped wp-block-gallery-1 is-layout-flex wp-block-gallery-is-layout-flex\">\n<figure class=\"wp-block-image size-large\"><img decoding=\"async\" width=\"768\" height=\"1024\" data-id=\"5077\" src=\"https:\/\/orillasnuevas.org\/wp-content\/uploads\/2025\/07\/20250409_190308-768x1024.webp\" alt=\"\" class=\"wp-image-5077\" srcset=\"https:\/\/orillasnuevas.org\/wp-content\/uploads\/2025\/07\/20250409_190308-768x1024.webp 768w, https:\/\/orillasnuevas.org\/wp-content\/uploads\/2025\/07\/20250409_190308-225x300.webp 225w, https:\/\/orillasnuevas.org\/wp-content\/uploads\/2025\/07\/20250409_190308-1152x1536.webp 1152w, https:\/\/orillasnuevas.org\/wp-content\/uploads\/2025\/07\/20250409_190308-1536x2048.webp 1536w, https:\/\/orillasnuevas.org\/wp-content\/uploads\/2025\/07\/20250409_190308-9x12.webp 9w, https:\/\/orillasnuevas.org\/wp-content\/uploads\/2025\/07\/20250409_190308-scaled.webp 1920w\" sizes=\"(max-width: 768px) 100vw, 768px\" \/><\/figure>\n\n\n\n<figure class=\"wp-block-image size-large\"><img loading=\"lazy\" decoding=\"async\" width=\"768\" height=\"1024\" data-id=\"5073\" src=\"https:\/\/orillasnuevas.org\/wp-content\/uploads\/2025\/07\/20250411_201422-768x1024.webp\" alt=\"\" class=\"wp-image-5073\" srcset=\"https:\/\/orillasnuevas.org\/wp-content\/uploads\/2025\/07\/20250411_201422-768x1024.webp 768w, https:\/\/orillasnuevas.org\/wp-content\/uploads\/2025\/07\/20250411_201422-225x300.webp 225w, https:\/\/orillasnuevas.org\/wp-content\/uploads\/2025\/07\/20250411_201422-1152x1536.webp 1152w, https:\/\/orillasnuevas.org\/wp-content\/uploads\/2025\/07\/20250411_201422-1536x2048.webp 1536w, https:\/\/orillasnuevas.org\/wp-content\/uploads\/2025\/07\/20250411_201422-9x12.webp 9w, https:\/\/orillasnuevas.org\/wp-content\/uploads\/2025\/07\/20250411_201422-scaled.webp 1920w\" sizes=\"(max-width: 768px) 100vw, 768px\" \/><\/figure>\n\n\n\n<figure class=\"wp-block-image size-large\"><img loading=\"lazy\" decoding=\"async\" width=\"768\" height=\"1024\" data-id=\"5072\" src=\"https:\/\/orillasnuevas.org\/wp-content\/uploads\/2025\/07\/WhatsApp-Image-2025-04-12-at-5.19.19-PM-768x1024.webp\" alt=\"\" class=\"wp-image-5072\" srcset=\"https:\/\/orillasnuevas.org\/wp-content\/uploads\/2025\/07\/WhatsApp-Image-2025-04-12-at-5.19.19-PM-768x1024.webp 768w, https:\/\/orillasnuevas.org\/wp-content\/uploads\/2025\/07\/WhatsApp-Image-2025-04-12-at-5.19.19-PM-225x300.webp 225w, https:\/\/orillasnuevas.org\/wp-content\/uploads\/2025\/07\/WhatsApp-Image-2025-04-12-at-5.19.19-PM-1152x1536.webp 1152w, https:\/\/orillasnuevas.org\/wp-content\/uploads\/2025\/07\/WhatsApp-Image-2025-04-12-at-5.19.19-PM-9x12.webp 9w, https:\/\/orillasnuevas.org\/wp-content\/uploads\/2025\/07\/WhatsApp-Image-2025-04-12-at-5.19.19-PM.webp 1200w\" sizes=\"(max-width: 768px) 100vw, 768px\" \/><\/figure>\n\n\n\n<figure class=\"wp-block-image size-large\"><img loading=\"lazy\" decoding=\"async\" width=\"768\" height=\"1024\" data-id=\"5075\" src=\"https:\/\/orillasnuevas.org\/wp-content\/uploads\/2025\/07\/Presentacion-Prototipo4-768x1024.webp\" alt=\"\" class=\"wp-image-5075\" srcset=\"https:\/\/orillasnuevas.org\/wp-content\/uploads\/2025\/07\/Presentacion-Prototipo4-768x1024.webp 768w, https:\/\/orillasnuevas.org\/wp-content\/uploads\/2025\/07\/Presentacion-Prototipo4-225x300.webp 225w, https:\/\/orillasnuevas.org\/wp-content\/uploads\/2025\/07\/Presentacion-Prototipo4-1152x1536.webp 1152w, https:\/\/orillasnuevas.org\/wp-content\/uploads\/2025\/07\/Presentacion-Prototipo4-1536x2048.webp 1536w, https:\/\/orillasnuevas.org\/wp-content\/uploads\/2025\/07\/Presentacion-Prototipo4-9x12.webp 9w, https:\/\/orillasnuevas.org\/wp-content\/uploads\/2025\/07\/Presentacion-Prototipo4-scaled.webp 1920w\" sizes=\"(max-width: 768px) 100vw, 768px\" \/><\/figure>\n\n\n\n<figure class=\"wp-block-image size-large\"><img loading=\"lazy\" decoding=\"async\" width=\"768\" height=\"1024\" data-id=\"5074\" src=\"https:\/\/orillasnuevas.org\/wp-content\/uploads\/2025\/07\/Presentacion-Prototipo3-768x1024.webp\" alt=\"\" class=\"wp-image-5074\" srcset=\"https:\/\/orillasnuevas.org\/wp-content\/uploads\/2025\/07\/Presentacion-Prototipo3-768x1024.webp 768w, https:\/\/orillasnuevas.org\/wp-content\/uploads\/2025\/07\/Presentacion-Prototipo3-225x300.webp 225w, https:\/\/orillasnuevas.org\/wp-content\/uploads\/2025\/07\/Presentacion-Prototipo3-1152x1536.webp 1152w, https:\/\/orillasnuevas.org\/wp-content\/uploads\/2025\/07\/Presentacion-Prototipo3-1536x2048.webp 1536w, https:\/\/orillasnuevas.org\/wp-content\/uploads\/2025\/07\/Presentacion-Prototipo3-9x12.webp 9w, https:\/\/orillasnuevas.org\/wp-content\/uploads\/2025\/07\/Presentacion-Prototipo3-scaled.webp 1920w\" sizes=\"(max-width: 768px) 100vw, 768px\" \/><\/figure>\n\n\n\n<figure class=\"wp-block-image size-large\"><img loading=\"lazy\" decoding=\"async\" width=\"768\" height=\"1024\" data-id=\"5076\" src=\"https:\/\/orillasnuevas.org\/wp-content\/uploads\/2025\/07\/Presentacion-Prototipo5-768x1024.webp\" alt=\"\" class=\"wp-image-5076\" srcset=\"https:\/\/orillasnuevas.org\/wp-content\/uploads\/2025\/07\/Presentacion-Prototipo5-768x1024.webp 768w, https:\/\/orillasnuevas.org\/wp-content\/uploads\/2025\/07\/Presentacion-Prototipo5-225x300.webp 225w, https:\/\/orillasnuevas.org\/wp-content\/uploads\/2025\/07\/Presentacion-Prototipo5-1152x1536.webp 1152w, https:\/\/orillasnuevas.org\/wp-content\/uploads\/2025\/07\/Presentacion-Prototipo5-1536x2048.webp 1536w, https:\/\/orillasnuevas.org\/wp-content\/uploads\/2025\/07\/Presentacion-Prototipo5-9x12.webp 9w, https:\/\/orillasnuevas.org\/wp-content\/uploads\/2025\/07\/Presentacion-Prototipo5-scaled.webp 1920w\" sizes=\"(max-width: 768px) 100vw, 768px\" \/><\/figure>\n<\/figure>\n\n\n\n<p><\/p>","protected":false},"excerpt":{"rendered":"<p>Llegu\u00e9 a Par\u00eds el 1 de abril, en una tarde agradable con cielo celeste. No fueron pocos quienes me dijeron que era la mejor \u00e9poca para visitar la ciudad. La primavera comenzaba y yo hab\u00eda dejado el oto\u00f1o en Rosario. A la ma\u00f1ana siguiente, Claudia y Mina nos esperaban en la puerta de la R\u00e9cidence des R\u00e9collets. Ellas coordinan la Paris XR Residency que organiza el Festival NewImages, y fueron siempre encantadoras.<\/p>","protected":false},"author":1,"featured_media":5069,"comment_status":"open","ping_status":"open","sticky":false,"template":"","format":"standard","meta":{"neve_meta_sidebar":"","neve_meta_container":"","neve_meta_enable_content_width":"","neve_meta_content_width":0,"neve_meta_title_alignment":"","neve_meta_author_avatar":"","neve_post_elements_order":"","neve_meta_disable_header":"","neve_meta_disable_footer":"","neve_meta_disable_title":"","footnotes":""},"categories":[11],"tags":[],"class_list":["post-5067","post","type-post","status-publish","format-standard","has-post-thumbnail","hentry","category-bitacora-de-viaje"],"yoast_head":"<!-- This site is optimized with the Yoast SEO plugin v27.4 - https:\/\/yoast.com\/product\/yoast-seo-wordpress\/ -->\n<title>Diario de viaje: Sobre el clima y la transformaci\u00f3n por Diego Castro - Orillas Nuevas<\/title>\n<meta name=\"robots\" content=\"index, follow, max-snippet:-1, max-image-preview:large, max-video-preview:-1\" \/>\n<link rel=\"canonical\" href=\"https:\/\/orillasnuevas.org\/fr\/bitacora-de-viaje\/diario-de-viaje-sobre-el-clima-y-la-transformacion-por-diego-castro\/\" \/>\n<meta property=\"og:locale\" content=\"fr_FR\" \/>\n<meta property=\"og:type\" content=\"article\" \/>\n<meta property=\"og:title\" content=\"Diario de viaje: Sobre el clima y la transformaci\u00f3n por Diego Castro - Orillas Nuevas\" \/>\n<meta property=\"og:description\" content=\"Llegu\u00e9 a Par\u00eds el 1 de abril, en una tarde agradable con cielo celeste. No fueron pocos quienes me dijeron que era la mejor \u00e9poca para visitar la ciudad. La primavera comenzaba y yo hab\u00eda dejado el oto\u00f1o en Rosario. A la ma\u00f1ana siguiente, Claudia y Mina nos esperaban en la puerta de la R\u00e9cidence des R\u00e9collets. Ellas coordinan la Paris XR Residency que organiza el Festival NewImages, y fueron siempre encantadoras.\" \/>\n<meta property=\"og:url\" content=\"https:\/\/orillasnuevas.org\/fr\/bitacora-de-viaje\/diario-de-viaje-sobre-el-clima-y-la-transformacion-por-diego-castro\/\" \/>\n<meta property=\"og:site_name\" content=\"Orillas Nuevas\" \/>\n<meta property=\"article:published_time\" content=\"2025-07-10T16:22:17+00:00\" \/>\n<meta property=\"og:image\" content=\"https:\/\/orillasnuevas.org\/wp-content\/uploads\/2025\/07\/1.webp\" \/>\n\t<meta property=\"og:image:width\" content=\"1000\" \/>\n\t<meta property=\"og:image:height\" content=\"600\" \/>\n\t<meta property=\"og:image:type\" content=\"image\/webp\" \/>\n<meta name=\"author\" content=\"orillasnuevasglosaestudio@gmail.com\" \/>\n<meta name=\"twitter:card\" content=\"summary_large_image\" \/>\n<meta name=\"twitter:label1\" content=\"\u00c9crit par\" \/>\n\t<meta name=\"twitter:data1\" content=\"orillasnuevasglosaestudio@gmail.com\" \/>\n\t<meta name=\"twitter:label2\" content=\"Dur\u00e9e de lecture estim\u00e9e\" \/>\n\t<meta name=\"twitter:data2\" content=\"6 minutes\" \/>\n<script type=\"application\/ld+json\" class=\"yoast-schema-graph\">{\"@context\":\"https:\\\/\\\/schema.org\",\"@graph\":[{\"@type\":\"Article\",\"@id\":\"https:\\\/\\\/orillasnuevas.org\\\/bitacora-de-viaje\\\/diario-de-viaje-sobre-el-clima-y-la-transformacion-por-diego-castro\\\/#article\",\"isPartOf\":{\"@id\":\"https:\\\/\\\/orillasnuevas.org\\\/bitacora-de-viaje\\\/diario-de-viaje-sobre-el-clima-y-la-transformacion-por-diego-castro\\\/\"},\"author\":{\"name\":\"orillasnuevasglosaestudio@gmail.com\",\"@id\":\"https:\\\/\\\/orillasnuevas.org\\\/fr\\\/#\\\/schema\\\/person\\\/e6d326b6c70c8b379ddbf522a8b90892\"},\"headline\":\"Diario de viaje: Sobre el clima y la transformaci\u00f3n por Diego Castro\",\"datePublished\":\"2025-07-10T16:22:17+00:00\",\"mainEntityOfPage\":{\"@id\":\"https:\\\/\\\/orillasnuevas.org\\\/bitacora-de-viaje\\\/diario-de-viaje-sobre-el-clima-y-la-transformacion-por-diego-castro\\\/\"},\"wordCount\":815,\"commentCount\":0,\"publisher\":{\"@id\":\"https:\\\/\\\/orillasnuevas.org\\\/fr\\\/#organization\"},\"image\":{\"@id\":\"https:\\\/\\\/orillasnuevas.org\\\/bitacora-de-viaje\\\/diario-de-viaje-sobre-el-clima-y-la-transformacion-por-diego-castro\\\/#primaryimage\"},\"thumbnailUrl\":\"https:\\\/\\\/orillasnuevas.org\\\/wp-content\\\/uploads\\\/2025\\\/07\\\/1.webp\",\"articleSection\":[\"Bit\u00e1cora de viaje\"],\"inLanguage\":\"fr-FR\",\"potentialAction\":[{\"@type\":\"CommentAction\",\"name\":\"Comment\",\"target\":[\"https:\\\/\\\/orillasnuevas.org\\\/bitacora-de-viaje\\\/diario-de-viaje-sobre-el-clima-y-la-transformacion-por-diego-castro\\\/#respond\"]}]},{\"@type\":\"WebPage\",\"@id\":\"https:\\\/\\\/orillasnuevas.org\\\/bitacora-de-viaje\\\/diario-de-viaje-sobre-el-clima-y-la-transformacion-por-diego-castro\\\/\",\"url\":\"https:\\\/\\\/orillasnuevas.org\\\/bitacora-de-viaje\\\/diario-de-viaje-sobre-el-clima-y-la-transformacion-por-diego-castro\\\/\",\"name\":\"Diario de viaje: Sobre el clima y la transformaci\u00f3n por Diego Castro - Orillas Nuevas\",\"isPartOf\":{\"@id\":\"https:\\\/\\\/orillasnuevas.org\\\/fr\\\/#website\"},\"primaryImageOfPage\":{\"@id\":\"https:\\\/\\\/orillasnuevas.org\\\/bitacora-de-viaje\\\/diario-de-viaje-sobre-el-clima-y-la-transformacion-por-diego-castro\\\/#primaryimage\"},\"image\":{\"@id\":\"https:\\\/\\\/orillasnuevas.org\\\/bitacora-de-viaje\\\/diario-de-viaje-sobre-el-clima-y-la-transformacion-por-diego-castro\\\/#primaryimage\"},\"thumbnailUrl\":\"https:\\\/\\\/orillasnuevas.org\\\/wp-content\\\/uploads\\\/2025\\\/07\\\/1.webp\",\"datePublished\":\"2025-07-10T16:22:17+00:00\",\"breadcrumb\":{\"@id\":\"https:\\\/\\\/orillasnuevas.org\\\/bitacora-de-viaje\\\/diario-de-viaje-sobre-el-clima-y-la-transformacion-por-diego-castro\\\/#breadcrumb\"},\"inLanguage\":\"fr-FR\",\"potentialAction\":[{\"@type\":\"ReadAction\",\"target\":[\"https:\\\/\\\/orillasnuevas.org\\\/bitacora-de-viaje\\\/diario-de-viaje-sobre-el-clima-y-la-transformacion-por-diego-castro\\\/\"]}]},{\"@type\":\"ImageObject\",\"inLanguage\":\"fr-FR\",\"@id\":\"https:\\\/\\\/orillasnuevas.org\\\/bitacora-de-viaje\\\/diario-de-viaje-sobre-el-clima-y-la-transformacion-por-diego-castro\\\/#primaryimage\",\"url\":\"https:\\\/\\\/orillasnuevas.org\\\/wp-content\\\/uploads\\\/2025\\\/07\\\/1.webp\",\"contentUrl\":\"https:\\\/\\\/orillasnuevas.org\\\/wp-content\\\/uploads\\\/2025\\\/07\\\/1.webp\",\"width\":1000,\"height\":600},{\"@type\":\"BreadcrumbList\",\"@id\":\"https:\\\/\\\/orillasnuevas.org\\\/bitacora-de-viaje\\\/diario-de-viaje-sobre-el-clima-y-la-transformacion-por-diego-castro\\\/#breadcrumb\",\"itemListElement\":[{\"@type\":\"ListItem\",\"position\":1,\"name\":\"Inicio\",\"item\":\"https:\\\/\\\/orillasnuevas.org\\\/\"},{\"@type\":\"ListItem\",\"position\":2,\"name\":\"Diario de viaje: Sobre el clima y la transformaci\u00f3n por Diego Castro\"}]},{\"@type\":\"WebSite\",\"@id\":\"https:\\\/\\\/orillasnuevas.org\\\/fr\\\/#website\",\"url\":\"https:\\\/\\\/orillasnuevas.org\\\/fr\\\/\",\"name\":\"Orillas Nuevas\",\"description\":\"Programa de apoyo, financiamiento e internacionalizaci\u00f3n de las industrias culturales y creativas en Argentina organizado por el Institut fran\u00e7ais d\u2019Argentine.\",\"publisher\":{\"@id\":\"https:\\\/\\\/orillasnuevas.org\\\/fr\\\/#organization\"},\"potentialAction\":[{\"@type\":\"SearchAction\",\"target\":{\"@type\":\"EntryPoint\",\"urlTemplate\":\"https:\\\/\\\/orillasnuevas.org\\\/fr\\\/?s={search_term_string}\"},\"query-input\":{\"@type\":\"PropertyValueSpecification\",\"valueRequired\":true,\"valueName\":\"search_term_string\"}}],\"inLanguage\":\"fr-FR\"},{\"@type\":\"Organization\",\"@id\":\"https:\\\/\\\/orillasnuevas.org\\\/fr\\\/#organization\",\"name\":\"Orillas Nuevas\",\"url\":\"https:\\\/\\\/orillasnuevas.org\\\/fr\\\/\",\"logo\":{\"@type\":\"ImageObject\",\"inLanguage\":\"fr-FR\",\"@id\":\"https:\\\/\\\/orillasnuevas.org\\\/fr\\\/#\\\/schema\\\/logo\\\/image\\\/\",\"url\":\"https:\\\/\\\/orillasnuevas.org\\\/wp-content\\\/uploads\\\/2024\\\/09\\\/ON_Portada-FB.jpg\",\"contentUrl\":\"https:\\\/\\\/orillasnuevas.org\\\/wp-content\\\/uploads\\\/2024\\\/09\\\/ON_Portada-FB.jpg\",\"width\":1708,\"height\":750,\"caption\":\"Orillas Nuevas\"},\"image\":{\"@id\":\"https:\\\/\\\/orillasnuevas.org\\\/fr\\\/#\\\/schema\\\/logo\\\/image\\\/\"},\"sameAs\":[\"https:\\\/\\\/www.instagram.com\\\/orillasnuevas\"]},{\"@type\":\"Person\",\"@id\":\"https:\\\/\\\/orillasnuevas.org\\\/fr\\\/#\\\/schema\\\/person\\\/e6d326b6c70c8b379ddbf522a8b90892\",\"name\":\"orillasnuevasglosaestudio@gmail.com\",\"image\":{\"@type\":\"ImageObject\",\"inLanguage\":\"fr-FR\",\"@id\":\"https:\\\/\\\/secure.gravatar.com\\\/avatar\\\/374578686dfa4f3267b5847b5cfe2f24c6eff592537aac399605cd601a787bec?s=96&d=mm&r=g\",\"url\":\"https:\\\/\\\/secure.gravatar.com\\\/avatar\\\/374578686dfa4f3267b5847b5cfe2f24c6eff592537aac399605cd601a787bec?s=96&d=mm&r=g\",\"contentUrl\":\"https:\\\/\\\/secure.gravatar.com\\\/avatar\\\/374578686dfa4f3267b5847b5cfe2f24c6eff592537aac399605cd601a787bec?s=96&d=mm&r=g\",\"caption\":\"orillasnuevasglosaestudio@gmail.com\"},\"sameAs\":[\"http:\\\/\\\/orillasnuevas.org\"],\"url\":\"https:\\\/\\\/orillasnuevas.org\\\/fr\\\/author\\\/orillasnuevasglosaestudiogmail-com\\\/\"}]}<\/script>\n<!-- \/ Yoast SEO plugin. -->","yoast_head_json":{"title":"Diario de viaje: Sobre el clima y la transformaci\u00f3n por Diego Castro - Orillas Nuevas","robots":{"index":"index","follow":"follow","max-snippet":"max-snippet:-1","max-image-preview":"max-image-preview:large","max-video-preview":"max-video-preview:-1"},"canonical":"https:\/\/orillasnuevas.org\/fr\/bitacora-de-viaje\/diario-de-viaje-sobre-el-clima-y-la-transformacion-por-diego-castro\/","og_locale":"fr_FR","og_type":"article","og_title":"Diario de viaje: Sobre el clima y la transformaci\u00f3n por Diego Castro - Orillas Nuevas","og_description":"Llegu\u00e9 a Par\u00eds el 1 de abril, en una tarde agradable con cielo celeste. No fueron pocos quienes me dijeron que era la mejor \u00e9poca para visitar la ciudad. La primavera comenzaba y yo hab\u00eda dejado el oto\u00f1o en Rosario. A la ma\u00f1ana siguiente, Claudia y Mina nos esperaban en la puerta de la R\u00e9cidence des R\u00e9collets. Ellas coordinan la Paris XR Residency que organiza el Festival NewImages, y fueron siempre encantadoras.","og_url":"https:\/\/orillasnuevas.org\/fr\/bitacora-de-viaje\/diario-de-viaje-sobre-el-clima-y-la-transformacion-por-diego-castro\/","og_site_name":"Orillas Nuevas","article_published_time":"2025-07-10T16:22:17+00:00","og_image":[{"width":1000,"height":600,"url":"https:\/\/orillasnuevas.org\/wp-content\/uploads\/2025\/07\/1.webp","type":"image\/webp"}],"author":"orillasnuevasglosaestudio@gmail.com","twitter_card":"summary_large_image","twitter_misc":{"\u00c9crit par":"orillasnuevasglosaestudio@gmail.com","Dur\u00e9e de lecture estim\u00e9e":"6 minutes"},"schema":{"@context":"https:\/\/schema.org","@graph":[{"@type":"Article","@id":"https:\/\/orillasnuevas.org\/bitacora-de-viaje\/diario-de-viaje-sobre-el-clima-y-la-transformacion-por-diego-castro\/#article","isPartOf":{"@id":"https:\/\/orillasnuevas.org\/bitacora-de-viaje\/diario-de-viaje-sobre-el-clima-y-la-transformacion-por-diego-castro\/"},"author":{"name":"orillasnuevasglosaestudio@gmail.com","@id":"https:\/\/orillasnuevas.org\/fr\/#\/schema\/person\/e6d326b6c70c8b379ddbf522a8b90892"},"headline":"Diario de viaje: Sobre el clima y la transformaci\u00f3n por Diego Castro","datePublished":"2025-07-10T16:22:17+00:00","mainEntityOfPage":{"@id":"https:\/\/orillasnuevas.org\/bitacora-de-viaje\/diario-de-viaje-sobre-el-clima-y-la-transformacion-por-diego-castro\/"},"wordCount":815,"commentCount":0,"publisher":{"@id":"https:\/\/orillasnuevas.org\/fr\/#organization"},"image":{"@id":"https:\/\/orillasnuevas.org\/bitacora-de-viaje\/diario-de-viaje-sobre-el-clima-y-la-transformacion-por-diego-castro\/#primaryimage"},"thumbnailUrl":"https:\/\/orillasnuevas.org\/wp-content\/uploads\/2025\/07\/1.webp","articleSection":["Bit\u00e1cora de viaje"],"inLanguage":"fr-FR","potentialAction":[{"@type":"CommentAction","name":"Comment","target":["https:\/\/orillasnuevas.org\/bitacora-de-viaje\/diario-de-viaje-sobre-el-clima-y-la-transformacion-por-diego-castro\/#respond"]}]},{"@type":"WebPage","@id":"https:\/\/orillasnuevas.org\/bitacora-de-viaje\/diario-de-viaje-sobre-el-clima-y-la-transformacion-por-diego-castro\/","url":"https:\/\/orillasnuevas.org\/bitacora-de-viaje\/diario-de-viaje-sobre-el-clima-y-la-transformacion-por-diego-castro\/","name":"Diario de viaje: Sobre el clima y la transformaci\u00f3n por Diego Castro - Orillas Nuevas","isPartOf":{"@id":"https:\/\/orillasnuevas.org\/fr\/#website"},"primaryImageOfPage":{"@id":"https:\/\/orillasnuevas.org\/bitacora-de-viaje\/diario-de-viaje-sobre-el-clima-y-la-transformacion-por-diego-castro\/#primaryimage"},"image":{"@id":"https:\/\/orillasnuevas.org\/bitacora-de-viaje\/diario-de-viaje-sobre-el-clima-y-la-transformacion-por-diego-castro\/#primaryimage"},"thumbnailUrl":"https:\/\/orillasnuevas.org\/wp-content\/uploads\/2025\/07\/1.webp","datePublished":"2025-07-10T16:22:17+00:00","breadcrumb":{"@id":"https:\/\/orillasnuevas.org\/bitacora-de-viaje\/diario-de-viaje-sobre-el-clima-y-la-transformacion-por-diego-castro\/#breadcrumb"},"inLanguage":"fr-FR","potentialAction":[{"@type":"ReadAction","target":["https:\/\/orillasnuevas.org\/bitacora-de-viaje\/diario-de-viaje-sobre-el-clima-y-la-transformacion-por-diego-castro\/"]}]},{"@type":"ImageObject","inLanguage":"fr-FR","@id":"https:\/\/orillasnuevas.org\/bitacora-de-viaje\/diario-de-viaje-sobre-el-clima-y-la-transformacion-por-diego-castro\/#primaryimage","url":"https:\/\/orillasnuevas.org\/wp-content\/uploads\/2025\/07\/1.webp","contentUrl":"https:\/\/orillasnuevas.org\/wp-content\/uploads\/2025\/07\/1.webp","width":1000,"height":600},{"@type":"BreadcrumbList","@id":"https:\/\/orillasnuevas.org\/bitacora-de-viaje\/diario-de-viaje-sobre-el-clima-y-la-transformacion-por-diego-castro\/#breadcrumb","itemListElement":[{"@type":"ListItem","position":1,"name":"Inicio","item":"https:\/\/orillasnuevas.org\/"},{"@type":"ListItem","position":2,"name":"Diario de viaje: Sobre el clima y la transformaci\u00f3n por Diego Castro"}]},{"@type":"WebSite","@id":"https:\/\/orillasnuevas.org\/fr\/#website","url":"https:\/\/orillasnuevas.org\/fr\/","name":"Orillas Nuevas","description":"Programa de apoyo, financiamiento e internacionalizaci\u00f3n de las industrias culturales y creativas en Argentina organizado por el Institut fran\u00e7ais d\u2019Argentine.","publisher":{"@id":"https:\/\/orillasnuevas.org\/fr\/#organization"},"potentialAction":[{"@type":"SearchAction","target":{"@type":"EntryPoint","urlTemplate":"https:\/\/orillasnuevas.org\/fr\/?s={search_term_string}"},"query-input":{"@type":"PropertyValueSpecification","valueRequired":true,"valueName":"search_term_string"}}],"inLanguage":"fr-FR"},{"@type":"Organization","@id":"https:\/\/orillasnuevas.org\/fr\/#organization","name":"Orillas Nuevas","url":"https:\/\/orillasnuevas.org\/fr\/","logo":{"@type":"ImageObject","inLanguage":"fr-FR","@id":"https:\/\/orillasnuevas.org\/fr\/#\/schema\/logo\/image\/","url":"https:\/\/orillasnuevas.org\/wp-content\/uploads\/2024\/09\/ON_Portada-FB.jpg","contentUrl":"https:\/\/orillasnuevas.org\/wp-content\/uploads\/2024\/09\/ON_Portada-FB.jpg","width":1708,"height":750,"caption":"Orillas Nuevas"},"image":{"@id":"https:\/\/orillasnuevas.org\/fr\/#\/schema\/logo\/image\/"},"sameAs":["https:\/\/www.instagram.com\/orillasnuevas"]},{"@type":"Person","@id":"https:\/\/orillasnuevas.org\/fr\/#\/schema\/person\/e6d326b6c70c8b379ddbf522a8b90892","name":"orillasnuevasglosaestudio@gmail.com","image":{"@type":"ImageObject","inLanguage":"fr-FR","@id":"https:\/\/secure.gravatar.com\/avatar\/374578686dfa4f3267b5847b5cfe2f24c6eff592537aac399605cd601a787bec?s=96&d=mm&r=g","url":"https:\/\/secure.gravatar.com\/avatar\/374578686dfa4f3267b5847b5cfe2f24c6eff592537aac399605cd601a787bec?s=96&d=mm&r=g","contentUrl":"https:\/\/secure.gravatar.com\/avatar\/374578686dfa4f3267b5847b5cfe2f24c6eff592537aac399605cd601a787bec?s=96&d=mm&r=g","caption":"orillasnuevasglosaestudio@gmail.com"},"sameAs":["http:\/\/orillasnuevas.org"],"url":"https:\/\/orillasnuevas.org\/fr\/author\/orillasnuevasglosaestudiogmail-com\/"}]}},"_links":{"self":[{"href":"https:\/\/orillasnuevas.org\/fr\/wp-json\/wp\/v2\/posts\/5067","targetHints":{"allow":["GET"]}}],"collection":[{"href":"https:\/\/orillasnuevas.org\/fr\/wp-json\/wp\/v2\/posts"}],"about":[{"href":"https:\/\/orillasnuevas.org\/fr\/wp-json\/wp\/v2\/types\/post"}],"author":[{"embeddable":true,"href":"https:\/\/orillasnuevas.org\/fr\/wp-json\/wp\/v2\/users\/1"}],"replies":[{"embeddable":true,"href":"https:\/\/orillasnuevas.org\/fr\/wp-json\/wp\/v2\/comments?post=5067"}],"version-history":[{"count":3,"href":"https:\/\/orillasnuevas.org\/fr\/wp-json\/wp\/v2\/posts\/5067\/revisions"}],"predecessor-version":[{"id":5079,"href":"https:\/\/orillasnuevas.org\/fr\/wp-json\/wp\/v2\/posts\/5067\/revisions\/5079"}],"wp:featuredmedia":[{"embeddable":true,"href":"https:\/\/orillasnuevas.org\/fr\/wp-json\/wp\/v2\/media\/5069"}],"wp:attachment":[{"href":"https:\/\/orillasnuevas.org\/fr\/wp-json\/wp\/v2\/media?parent=5067"}],"wp:term":[{"taxonomy":"category","embeddable":true,"href":"https:\/\/orillasnuevas.org\/fr\/wp-json\/wp\/v2\/categories?post=5067"},{"taxonomy":"post_tag","embeddable":true,"href":"https:\/\/orillasnuevas.org\/fr\/wp-json\/wp\/v2\/tags?post=5067"}],"curies":[{"name":"wp","href":"https:\/\/api.w.org\/{rel}","templated":true}]}}