{"id":5480,"date":"2025-10-15T12:00:18","date_gmt":"2025-10-15T15:00:18","guid":{"rendered":"https:\/\/orillasnuevas.org\/?p=5480"},"modified":"2025-10-16T11:57:09","modified_gmt":"2025-10-16T14:57:09","slug":"fondo-enlace-anuncia-los-26-proyectos-seleccionados","status":"publish","type":"post","link":"https:\/\/orillasnuevas.org\/fr\/novedades\/fondo-enlace-anuncia-los-26-proyectos-seleccionados\/","title":{"rendered":"Fondo Enlace anuncia los 26 proyectos seleccionados"},"content":{"rendered":"<p>L\u2019 <strong>Fondo Enlace \/ Orillas Nuevas<\/strong>, programa organizado por el <strong>l\u2019Institut fran\u00e7ais d\u2019Argentine<\/strong>, junto a la <strong>Fondation Williams<\/strong> y la <strong>Fondation Medif\u00e9<\/strong>, anuncia los <strong>26 proyectos seleccionados<\/strong> en su primera convocatoria, destinada a <strong>impulsar el desarrollo y la circulaci\u00f3n de las industrias culturales y creativas (ICC)<\/strong> argentinas con v\u00ednculos con Francia.<\/p>\n\n\n\n<p>Creado para fortalecer los lazos culturales entre ambos pa\u00edses, el Fondo Enlace apoya iniciativas con relaci\u00f3n <strong>art\u00edstica, t\u00e9cnica, profesional o financiera<\/strong> con Francia, que contribuyan a la <strong>cooperaci\u00f3n, la innovaci\u00f3n y la proyecci\u00f3n internacional<\/strong> del sector creativo argentino.<\/p>\n\n\n\n<p>En esta primera edici\u00f3n se recibieron <strong>274 postulaciones<\/strong>, y se seleccionaron <strong>26 proyectos<\/strong> provenientes de distintas regiones del pa\u00eds, que recibir\u00e1n un apoyo econ\u00f3mico de hasta \u20ac5.000 (cinco mil euros) cada uno, para su realizaci\u00f3n entre el <strong>1 de noviembre de 2025 y el 30 de junio de 2026<\/strong>. La inversi\u00f3n total en becas para este fondo se eleva a 190.000.000 de pesos, aportados por el Institut fran\u00e7ais d\u00b4Argentine (60%) y la Fundaci\u00f3n Williams (40%).&nbsp;<\/p>\n\n\n\n<p>Los proyectos abarcan disciplinas como <strong>artes esc\u00e9nicas, audiovisual (cine y animaci\u00f3n), creaci\u00f3n inmersiva, dise\u00f1o, arquitectura, paisaje, edici\u00f3n y videojuegos<\/strong>, reafirmando la diversidad y la vitalidad de las industrias creativas argentinas.El proceso de selecci\u00f3n cont\u00f3 con un <strong>jurado de lectura y recomendaci\u00f3n<\/strong> integrado por <strong>L\u00e9a Namer, Luz Algranti, Magdalena Arrupe, Mar\u00eda Fernanda Mugica, Miguel \u00c1ngel Mart\u00edn y Pablo Conde<\/strong>. Referentes del \u00e1mbito cultural y creativo de Argentina y Francia, evaluaron las postulaciones en funci\u00f3n de su calidad art\u00edstica, potencial de colaboraci\u00f3n internacional y viabilidad de producci\u00f3n<strong>.<\/strong><\/p>\n\n\n\n<h2 class=\"wp-block-heading\"><strong>Projets selectionn\u00e9s<\/strong><\/h2>\n\n\n\n<ul class=\"wp-block-list\">\n<li><strong>Adentro del Ruido<\/strong> &#8211; Dir. Martina Juncadella \/ Prod. Una Presencia | <em>Audiovisual<\/em><\/li>\n\n\n\n<li><strong>Buenos Aires y otras costas. El Reconquista, una aproximaci\u00f3n al conocimiento de nuestra pampa metropolitana <\/strong>&#8211; Laboratorio de Urbanismo y Arquitectura (LabUrA) \/ UNSAM | <em>Design, architecture et paysage<\/em><\/li>\n\n\n\n<li><strong>Cartas desde Par\u00eds<\/strong> &#8211; Dir. Agustina P\u00e9rez Rial \/ Prod. Fi\u00f8rd Estudio | <em>Audiovisual<\/em><\/li>\n\n\n\n<li><strong>Chiennes&nbsp; <\/strong>&#8211; Gabi Parigi | <em>Arts de la sc\u00e8ne<\/em><\/li>\n\n\n\n<li><strong>Choclo, Choclo, Pochoclo<\/strong> &#8211; Marta Salinas | <em>Arts de la sc\u00e8ne<\/em><\/li>\n\n\n\n<li><strong>Ciclo Mano a Mano &#8211; Letras Francesas en Timbre 4<\/strong> &#8211; Timbre 4 | <em>Arts de la sc\u00e8ne<\/em><\/li>\n\n\n\n<li><strong>C\u00f3mo hacer un omelette sin romper los huevos<\/strong> &#8211; Dir. Cecilia Paviolo \/ Prod. Paisana Films&nbsp; | <em>Audiovisual<\/em><\/li>\n\n\n\n<li><strong>CORTEX<\/strong> &#8211; Dir. Alejandra Esteve \/ Prod. HANA Films | <em>Cr\u00e9ation immersive<\/em><\/li>\n\n\n\n<li><strong>El descubrimiento del amor<\/strong> &#8211; Javier Swedzky | <em>Arts de la sc\u00e8ne<\/em><\/li>\n\n\n\n<li><strong>Ensue\u00f1os<\/strong> &#8211; S\u00e9verine Fontaine | <em>Arts de la sc\u00e8ne<\/em><\/li>\n\n\n\n<li><strong>Feria EDITA<\/strong> &#8211; MALISIA | <em>\u00e9ditorial<\/em><\/li>\n\n\n\n<li><strong>Ilustrazo! &#8211; Festival de ilustraci\u00f3n cordob\u00e9s<\/strong> &#8211; Oqui Paratz | <em>\u00e9ditorial<\/em><\/li>\n\n\n\n<li><strong>It&#8217;s Nice Today<\/strong> &#8211; Centro de Estudios de Arquitectura Contempor\u00e1nea (CEAC) \/ UTDT | <em>Design, architecture et paysage<\/em><\/li>\n\n\n\n<li><strong>La econom\u00eda argentina<\/strong> &#8211; Gerardo Naumann | <em>Arts de la sc\u00e8ne<\/em><\/li>\n\n\n\n<li><strong>LA MEMORIA FUTURA_Las voces de las Abuelas<\/strong> &#8211; Colectivo La Memoria Futura | <em>Arts de la sc\u00e8ne<\/em><\/li>\n\n\n\n<li><strong>OVO \u2013 Voyages Ut\u00f3picos<\/strong> &#8211; Pablo Uriel Fern\u00e1ndez&nbsp; \/ Argot | <em>Cr\u00e9ation immersive<\/em><\/li>\n\n\n\n<li><strong>Partido sorpresa<\/strong> &#8211; Fiamma Carranza Macchi y Ana Schimelman | <em>Arts de la sc\u00e8ne<\/em><\/li>\n\n\n\n<li><strong>Querido pa\u00eds de mi infancia<\/strong> &#8211; Dir. y Prod. Iv\u00e1n Cherjovsky | <em>Audiovisual<\/em><\/li>\n\n\n\n<li><strong>Remedios para la vida<\/strong> &#8211; Dir. Mat\u00edas Pi\u00f1ero \/ Prod. Pel\u00edculas mirando al techo | <em>Audiovisual<\/em><\/li>\n\n\n\n<li><strong>Residencia y producci\u00f3n de Florent Bergal<\/strong> &#8211; Galp\u00f3n de Guevara | <em>Arts de la sc\u00e8ne<\/em><\/li>\n\n\n\n<li><strong>Semana de FIDMARSEILLE en Buenos Aires<\/strong> &#8211; Revista Caligari | <em>Audiovisual<\/em><\/li>\n\n\n\n<li><strong>Talleres Sinf\u00edn: creaci\u00f3n colectiva<\/strong> &#8211; Fundaci\u00f3n Filba | <em>\u00e9ditorial<\/em><\/li>\n\n\n\n<li><strong>The Lost Land Of Bah\u00eda Blanca<\/strong> &#8211; Perpetua Peralta \/ Libromancy studio | <em>jeu vid\u00e9o<\/em><\/li>\n\n\n\n<li><strong>Tradiciones compartidas y ecos cruzados, Buenos Aires \u2013 C\u00f3rcega<\/strong> &#8211; Susana Szperling | <em>Arts de la sc\u00e8ne<\/em><\/li>\n\n\n\n<li><strong>Upwind<\/strong> &#8211; Diego Schvartzman \/ Estudio Contraviento | <em>jeu vid\u00e9o<\/em><\/li>\n\n\n\n<li><strong>Winnipeg, el barco de la esperanza<\/strong> &#8211; Dir. Elio Quiroga y Be\u00f1at Beitia\/ Prod. MALABAR | <em>Audiovisual<\/em><\/li>\n<\/ul>\n\n\n\n<h2 class=\"wp-block-heading\"><strong>Datos relevantes<\/strong><\/h2>\n\n\n\n<p>Participan en esta edici\u00f3n <strong>300 personas<\/strong> vinculadas directamente a los proyectos, de las cuales <strong>138 son mujeres en posiciones de liderazgo.<\/strong><\/p>\n\n\n\n<p>Las ciudades de Argentina que alojar\u00e1n los proyectos son <strong>Ciudad de Buenos Aires, La Plata, Chapadmalal, Pig\u00fc\u00e9, Saavedra, C\u00f3rdoba, Cerro Colorado, Viedma, Bariloche, San Esteban, Rosario, Barreal, Resistencia y Corrientes.<\/strong><strong><br><\/strong> En Francia se desarrollar\u00e1n en diversas ciudades y regiones del pa\u00eds, incluyendo <strong>Par\u00eds, Nantes, Rez\u00e9, Cesson-S\u00e9vign\u00e9, Toulouse, Marsella, Miramas, Lyon, Lille y Angers<\/strong>, adem\u00e1s de las regiones del <strong>Aveyron<\/strong> y la <strong>isla de C\u00f3rcega<\/strong>, con acciones espec\u00edficas en <strong>Bastia, Biguglia, Volpajola, Anima, Ajaccio y Corte.<\/strong><\/p>\n\n\n\n<p>El v\u00ednculo con Francia se materializa en colaboraciones con universidades, instituciones, productoras, festivales y centros culturales tales como<strong> l\u2019Universit\u00e9 Sorbonne Nouvelle \u2013 Paris 3, la Maison de l\u2019Argentine, la Maison de l\u2019Am\u00e9rique Latine, la Maison Europ\u00e9enne de la Photographie, el Festival de Oto\u00f1o de Par\u00eds, el Festival Paris l\u2019\u00c9t\u00e9, la Escuela Superior de Arquitectura de Nantes- ENSA, Partout la Po\u00e9sie, Les Utopiales, Bizz\u2019art Nomade, Nuits M\u00e9tis, La Grande Frini\u00e8re, la M\u00e9diath\u00e8que de Rez\u00e9, la Escuela Superior de Artes del Circo de Toulouse \u00c9SACTO\u2019Lido, el FIDMarseille, el centro cultural Una Volta en Bastia, Artcena, Cirque Pardi, Films du TexMex y House on Fire.<\/strong><\/p>\n\n\n\n<p>En cuanto a la distribuci\u00f3n por disciplinas, en <strong>artes esc\u00e9nicas<\/strong> hay obras de teatro, circo, performances, t\u00edteres y danza que incluyen v\u00ednculos diversos con Francia: giras, co-creaciones, mentor\u00edas y difusi\u00f3n de la dramaturgia francesa contempor\u00e1nea en Argentina. Las <strong>creaciones inmersivas<\/strong> incluyen experiencias participativas para distintas audiencias. En el \u00e1rea <strong>audiovisual<\/strong>, se encuentran pel\u00edculas de ficci\u00f3n, documentales y animaci\u00f3n \u2014largos y cortometrajes en fase final de producci\u00f3n\u2014 adem\u00e1s de la primera edici\u00f3n de un festival franc\u00e9s en Buenos Aires. En <strong>videojuegos<\/strong>, se destaca una apuesta gr\u00e1fica y est\u00e9tica innovadora. El sector <strong>editorial<\/strong> incluye proyectos de estructuraci\u00f3n, venta de derechos, consolidaci\u00f3n de redes y mediaci\u00f3n cultural. Finalmente, en <strong>dise\u00f1o, arquitectura y paisaje<\/strong> se destacan invitaciones a arquitectos franceses, exposiciones, ediciones y nuevas redes de colaboraci\u00f3n profesional.<\/p>\n\n\n\n<h2 class=\"wp-block-heading\"><strong>Acerca de los organizadores<\/strong><\/h2>\n\n\n\n<p><strong>l\u2019Institut fran\u00e7ais d\u2019Argentine<\/strong><\/p>\n\n\n\n<p>El Institut fran\u00e7ais d\u2019Argentine forma parte de la red de Institutos franceses que cuenta actualmente con 96 entidades en todo el mundo. Bajo la autoridad del Embajador de Francia, su misi\u00f3n es <strong>promover la cultura francesa en Argentina<\/strong> en un proceso de apertura y di\u00e1logo con sus socios locales. Es un instrumento de cooperaci\u00f3n que define, financia y gestiona las acciones y proyectos de Francia en Argentina en los \u00e1mbitos <strong>cultural, universitario y cient\u00edfico<\/strong>.<br>+info<a href=\"https:\/\/ifargentine.com.ar\" target=\"_blank\" rel=\"noreferrer noopener\"> https:\/\/ifargentine.com.ar<\/a><\/p>\n\n\n\n<p><strong>Fondation Williams<\/strong><\/p>\n\n\n\n<p>La Fundaci\u00f3n Williams es una organizaci\u00f3n argentina sin fines de lucro creada en 1943, con el objetivo de <strong>promover el desarrollo de la ciencia y la cultura en Argentina<\/strong>. Su foco est\u00e1 puesto en las personas y organizaciones que se dedican profesionalmente a la ciencia y la cultura. Trabaja en alianza con instituciones acad\u00e9micas, organismos p\u00fablicos y fundaciones del pa\u00eds y del exterior.<br>+info<a href=\"https:\/\/www.fundacionwilliams.org.ar\"> <\/a><a href=\"http:\/\/www.fundacionwilliams.org.ar\" target=\"_blank\" rel=\"noreferrer noopener\">www.fundacionwilliams.org.ar<\/a><\/p>\n\n\n\n<p><strong>Fondation Medif\u00e9<\/strong><\/p>\n\n\n\n<p>Fundaci\u00f3n Medif\u00e9 para la salud, la educaci\u00f3n y la cultura es una entidad de bien p\u00fablico y sin fines de lucro. Su prop\u00f3sito es <strong>dise\u00f1ar y promover un v\u00ednculo sustentable e inclusivo entre salud y cultura<\/strong>, desarrollando sus actividades a partir de cuatro ejes: <strong>Leer, Conversar, Mirar y Conocer<\/strong>. Fue fundada en 2010 y tiene su sede en la Ciudad de Buenos Aires.<br>+info<a href=\"https:\/\/www.fundacionmedife.com.ar\" target=\"_blank\" rel=\"noreferrer noopener\"> www.fundacionmedife.com.ar<\/a><\/p>\n\n\n\n<p>Para conocer m\u00e1s sobre los proyectos seleccionados, los invitamos a visitar: <br><a href=\"https:\/\/orillasnuevas.org\/fr\/fondo-enlace\/\" target=\"_blank\" rel=\"noreferrer noopener\">orillasnuevas.org\/fondo-enlace\/<\/a><\/p>\n\n\n\n<figure class=\"wp-block-image size-large\"><img fetchpriority=\"high\" decoding=\"async\" width=\"1024\" height=\"842\" src=\"https:\/\/orillasnuevas.org\/wp-content\/uploads\/2025\/10\/fe-proyectos-1024x842.webp\" alt=\"\" class=\"wp-image-5485\" srcset=\"https:\/\/orillasnuevas.org\/wp-content\/uploads\/2025\/10\/fe-proyectos-1024x842.webp 1024w, https:\/\/orillasnuevas.org\/wp-content\/uploads\/2025\/10\/fe-proyectos-300x247.webp 300w, https:\/\/orillasnuevas.org\/wp-content\/uploads\/2025\/10\/fe-proyectos-768x631.webp 768w, https:\/\/orillasnuevas.org\/wp-content\/uploads\/2025\/10\/fe-proyectos-1536x1263.webp 1536w, https:\/\/orillasnuevas.org\/wp-content\/uploads\/2025\/10\/fe-proyectos-2048x1684.webp 2048w, https:\/\/orillasnuevas.org\/wp-content\/uploads\/2025\/10\/fe-proyectos-15x12.webp 15w\" sizes=\"(max-width: 1024px) 100vw, 1024px\" \/><\/figure>","protected":false},"excerpt":{"rendered":"<p>El Fondo Enlace \/ Orillas Nuevas, programa organizado por el Institut fran\u00e7ais d\u2019Argentine, junto a la Fundaci\u00f3n Williams y la Fundaci\u00f3n Medif\u00e9, anuncia los 26 proyectos seleccionados en su primera convocatoria, destinada a impulsar el desarrollo y la circulaci\u00f3n de las industrias culturales y creativas (ICC) argentinas con v\u00ednculos con Francia.<\/p>","protected":false},"author":1,"featured_media":5481,"comment_status":"open","ping_status":"open","sticky":false,"template":"","format":"standard","meta":{"neve_meta_sidebar":"","neve_meta_container":"","neve_meta_enable_content_width":"","neve_meta_content_width":0,"neve_meta_title_alignment":"","neve_meta_author_avatar":"","neve_post_elements_order":"","neve_meta_disable_header":"","neve_meta_disable_footer":"","neve_meta_disable_title":"","footnotes":""},"categories":[4],"tags":[],"class_list":["post-5480","post","type-post","status-publish","format-standard","has-post-thumbnail","hentry","category-novedades"],"yoast_head":"<!-- This site is optimized with the Yoast SEO plugin v27.4 - https:\/\/yoast.com\/product\/yoast-seo-wordpress\/ -->\n<title>Fondo Enlace anuncia los 26 proyectos seleccionados - Orillas Nuevas<\/title>\n<meta name=\"robots\" content=\"index, follow, max-snippet:-1, max-image-preview:large, max-video-preview:-1\" \/>\n<link rel=\"canonical\" href=\"https:\/\/orillasnuevas.org\/fr\/novedades\/fondo-enlace-anuncia-los-26-proyectos-seleccionados\/\" \/>\n<meta property=\"og:locale\" content=\"fr_FR\" \/>\n<meta property=\"og:type\" content=\"article\" \/>\n<meta property=\"og:title\" content=\"Fondo Enlace anuncia los 26 proyectos seleccionados - Orillas Nuevas\" \/>\n<meta property=\"og:description\" content=\"El Fondo Enlace \/ Orillas Nuevas, programa organizado por el Institut fran\u00e7ais d\u2019Argentine, junto a la Fundaci\u00f3n Williams y la Fundaci\u00f3n Medif\u00e9, anuncia los 26 proyectos seleccionados en su primera convocatoria, destinada a impulsar el desarrollo y la circulaci\u00f3n de las industrias culturales y creativas (ICC) argentinas con v\u00ednculos con Francia.\" \/>\n<meta property=\"og:url\" content=\"https:\/\/orillasnuevas.org\/fr\/novedades\/fondo-enlace-anuncia-los-26-proyectos-seleccionados\/\" \/>\n<meta property=\"og:site_name\" content=\"Orillas Nuevas\" \/>\n<meta property=\"article:published_time\" content=\"2025-10-15T15:00:18+00:00\" \/>\n<meta property=\"article:modified_time\" content=\"2025-10-16T14:57:09+00:00\" \/>\n<meta property=\"og:image\" content=\"https:\/\/orillasnuevas.org\/wp-content\/uploads\/2025\/10\/Novedades-ON-2.webp\" \/>\n\t<meta property=\"og:image:width\" content=\"1000\" \/>\n\t<meta property=\"og:image:height\" content=\"600\" \/>\n\t<meta property=\"og:image:type\" content=\"image\/webp\" \/>\n<meta name=\"author\" content=\"orillasnuevasglosaestudio@gmail.com\" \/>\n<meta name=\"twitter:card\" content=\"summary_large_image\" \/>\n<meta name=\"twitter:label1\" content=\"\u00c9crit par\" \/>\n\t<meta name=\"twitter:data1\" content=\"orillasnuevasglosaestudio@gmail.com\" \/>\n\t<meta name=\"twitter:label2\" content=\"Dur\u00e9e de lecture estim\u00e9e\" \/>\n\t<meta name=\"twitter:data2\" content=\"6 minutes\" \/>\n<script type=\"application\/ld+json\" class=\"yoast-schema-graph\">{\"@context\":\"https:\\\/\\\/schema.org\",\"@graph\":[{\"@type\":\"Article\",\"@id\":\"https:\\\/\\\/orillasnuevas.org\\\/novedades\\\/fondo-enlace-anuncia-los-26-proyectos-seleccionados\\\/#article\",\"isPartOf\":{\"@id\":\"https:\\\/\\\/orillasnuevas.org\\\/novedades\\\/fondo-enlace-anuncia-los-26-proyectos-seleccionados\\\/\"},\"author\":{\"name\":\"orillasnuevasglosaestudio@gmail.com\",\"@id\":\"https:\\\/\\\/orillasnuevas.org\\\/fr\\\/#\\\/schema\\\/person\\\/e6d326b6c70c8b379ddbf522a8b90892\"},\"headline\":\"Fondo Enlace anuncia los 26 proyectos seleccionados\",\"datePublished\":\"2025-10-15T15:00:18+00:00\",\"dateModified\":\"2025-10-16T14:57:09+00:00\",\"mainEntityOfPage\":{\"@id\":\"https:\\\/\\\/orillasnuevas.org\\\/novedades\\\/fondo-enlace-anuncia-los-26-proyectos-seleccionados\\\/\"},\"wordCount\":1250,\"commentCount\":0,\"publisher\":{\"@id\":\"https:\\\/\\\/orillasnuevas.org\\\/fr\\\/#organization\"},\"image\":{\"@id\":\"https:\\\/\\\/orillasnuevas.org\\\/novedades\\\/fondo-enlace-anuncia-los-26-proyectos-seleccionados\\\/#primaryimage\"},\"thumbnailUrl\":\"https:\\\/\\\/orillasnuevas.org\\\/wp-content\\\/uploads\\\/2025\\\/10\\\/Novedades-ON-2.webp\",\"articleSection\":[\"Novedades\"],\"inLanguage\":\"fr-FR\",\"potentialAction\":[{\"@type\":\"CommentAction\",\"name\":\"Comment\",\"target\":[\"https:\\\/\\\/orillasnuevas.org\\\/novedades\\\/fondo-enlace-anuncia-los-26-proyectos-seleccionados\\\/#respond\"]}]},{\"@type\":\"WebPage\",\"@id\":\"https:\\\/\\\/orillasnuevas.org\\\/novedades\\\/fondo-enlace-anuncia-los-26-proyectos-seleccionados\\\/\",\"url\":\"https:\\\/\\\/orillasnuevas.org\\\/novedades\\\/fondo-enlace-anuncia-los-26-proyectos-seleccionados\\\/\",\"name\":\"Fondo Enlace anuncia los 26 proyectos seleccionados - Orillas Nuevas\",\"isPartOf\":{\"@id\":\"https:\\\/\\\/orillasnuevas.org\\\/fr\\\/#website\"},\"primaryImageOfPage\":{\"@id\":\"https:\\\/\\\/orillasnuevas.org\\\/novedades\\\/fondo-enlace-anuncia-los-26-proyectos-seleccionados\\\/#primaryimage\"},\"image\":{\"@id\":\"https:\\\/\\\/orillasnuevas.org\\\/novedades\\\/fondo-enlace-anuncia-los-26-proyectos-seleccionados\\\/#primaryimage\"},\"thumbnailUrl\":\"https:\\\/\\\/orillasnuevas.org\\\/wp-content\\\/uploads\\\/2025\\\/10\\\/Novedades-ON-2.webp\",\"datePublished\":\"2025-10-15T15:00:18+00:00\",\"dateModified\":\"2025-10-16T14:57:09+00:00\",\"breadcrumb\":{\"@id\":\"https:\\\/\\\/orillasnuevas.org\\\/novedades\\\/fondo-enlace-anuncia-los-26-proyectos-seleccionados\\\/#breadcrumb\"},\"inLanguage\":\"fr-FR\",\"potentialAction\":[{\"@type\":\"ReadAction\",\"target\":[\"https:\\\/\\\/orillasnuevas.org\\\/novedades\\\/fondo-enlace-anuncia-los-26-proyectos-seleccionados\\\/\"]}]},{\"@type\":\"ImageObject\",\"inLanguage\":\"fr-FR\",\"@id\":\"https:\\\/\\\/orillasnuevas.org\\\/novedades\\\/fondo-enlace-anuncia-los-26-proyectos-seleccionados\\\/#primaryimage\",\"url\":\"https:\\\/\\\/orillasnuevas.org\\\/wp-content\\\/uploads\\\/2025\\\/10\\\/Novedades-ON-2.webp\",\"contentUrl\":\"https:\\\/\\\/orillasnuevas.org\\\/wp-content\\\/uploads\\\/2025\\\/10\\\/Novedades-ON-2.webp\",\"width\":1000,\"height\":600},{\"@type\":\"BreadcrumbList\",\"@id\":\"https:\\\/\\\/orillasnuevas.org\\\/novedades\\\/fondo-enlace-anuncia-los-26-proyectos-seleccionados\\\/#breadcrumb\",\"itemListElement\":[{\"@type\":\"ListItem\",\"position\":1,\"name\":\"Inicio\",\"item\":\"https:\\\/\\\/orillasnuevas.org\\\/\"},{\"@type\":\"ListItem\",\"position\":2,\"name\":\"Fondo Enlace anuncia los 26 proyectos seleccionados\"}]},{\"@type\":\"WebSite\",\"@id\":\"https:\\\/\\\/orillasnuevas.org\\\/fr\\\/#website\",\"url\":\"https:\\\/\\\/orillasnuevas.org\\\/fr\\\/\",\"name\":\"Orillas Nuevas\",\"description\":\"Programa de apoyo, financiamiento e internacionalizaci\u00f3n de las industrias culturales y creativas en Argentina organizado por el Institut fran\u00e7ais d\u2019Argentine.\",\"publisher\":{\"@id\":\"https:\\\/\\\/orillasnuevas.org\\\/fr\\\/#organization\"},\"potentialAction\":[{\"@type\":\"SearchAction\",\"target\":{\"@type\":\"EntryPoint\",\"urlTemplate\":\"https:\\\/\\\/orillasnuevas.org\\\/fr\\\/?s={search_term_string}\"},\"query-input\":{\"@type\":\"PropertyValueSpecification\",\"valueRequired\":true,\"valueName\":\"search_term_string\"}}],\"inLanguage\":\"fr-FR\"},{\"@type\":\"Organization\",\"@id\":\"https:\\\/\\\/orillasnuevas.org\\\/fr\\\/#organization\",\"name\":\"Orillas Nuevas\",\"url\":\"https:\\\/\\\/orillasnuevas.org\\\/fr\\\/\",\"logo\":{\"@type\":\"ImageObject\",\"inLanguage\":\"fr-FR\",\"@id\":\"https:\\\/\\\/orillasnuevas.org\\\/fr\\\/#\\\/schema\\\/logo\\\/image\\\/\",\"url\":\"https:\\\/\\\/orillasnuevas.org\\\/wp-content\\\/uploads\\\/2024\\\/09\\\/ON_Portada-FB.jpg\",\"contentUrl\":\"https:\\\/\\\/orillasnuevas.org\\\/wp-content\\\/uploads\\\/2024\\\/09\\\/ON_Portada-FB.jpg\",\"width\":1708,\"height\":750,\"caption\":\"Orillas Nuevas\"},\"image\":{\"@id\":\"https:\\\/\\\/orillasnuevas.org\\\/fr\\\/#\\\/schema\\\/logo\\\/image\\\/\"},\"sameAs\":[\"https:\\\/\\\/www.instagram.com\\\/orillasnuevas\"]},{\"@type\":\"Person\",\"@id\":\"https:\\\/\\\/orillasnuevas.org\\\/fr\\\/#\\\/schema\\\/person\\\/e6d326b6c70c8b379ddbf522a8b90892\",\"name\":\"orillasnuevasglosaestudio@gmail.com\",\"image\":{\"@type\":\"ImageObject\",\"inLanguage\":\"fr-FR\",\"@id\":\"https:\\\/\\\/secure.gravatar.com\\\/avatar\\\/374578686dfa4f3267b5847b5cfe2f24c6eff592537aac399605cd601a787bec?s=96&d=mm&r=g\",\"url\":\"https:\\\/\\\/secure.gravatar.com\\\/avatar\\\/374578686dfa4f3267b5847b5cfe2f24c6eff592537aac399605cd601a787bec?s=96&d=mm&r=g\",\"contentUrl\":\"https:\\\/\\\/secure.gravatar.com\\\/avatar\\\/374578686dfa4f3267b5847b5cfe2f24c6eff592537aac399605cd601a787bec?s=96&d=mm&r=g\",\"caption\":\"orillasnuevasglosaestudio@gmail.com\"},\"sameAs\":[\"http:\\\/\\\/orillasnuevas.org\"],\"url\":\"https:\\\/\\\/orillasnuevas.org\\\/fr\\\/author\\\/orillasnuevasglosaestudiogmail-com\\\/\"}]}<\/script>\n<!-- \/ Yoast SEO plugin. -->","yoast_head_json":{"title":"Fondo Enlace anuncia los 26 proyectos seleccionados - Orillas Nuevas","robots":{"index":"index","follow":"follow","max-snippet":"max-snippet:-1","max-image-preview":"max-image-preview:large","max-video-preview":"max-video-preview:-1"},"canonical":"https:\/\/orillasnuevas.org\/fr\/novedades\/fondo-enlace-anuncia-los-26-proyectos-seleccionados\/","og_locale":"fr_FR","og_type":"article","og_title":"Fondo Enlace anuncia los 26 proyectos seleccionados - Orillas Nuevas","og_description":"El Fondo Enlace \/ Orillas Nuevas, programa organizado por el Institut fran\u00e7ais d\u2019Argentine, junto a la Fundaci\u00f3n Williams y la Fundaci\u00f3n Medif\u00e9, anuncia los 26 proyectos seleccionados en su primera convocatoria, destinada a impulsar el desarrollo y la circulaci\u00f3n de las industrias culturales y creativas (ICC) argentinas con v\u00ednculos con Francia.","og_url":"https:\/\/orillasnuevas.org\/fr\/novedades\/fondo-enlace-anuncia-los-26-proyectos-seleccionados\/","og_site_name":"Orillas Nuevas","article_published_time":"2025-10-15T15:00:18+00:00","article_modified_time":"2025-10-16T14:57:09+00:00","og_image":[{"width":1000,"height":600,"url":"https:\/\/orillasnuevas.org\/wp-content\/uploads\/2025\/10\/Novedades-ON-2.webp","type":"image\/webp"}],"author":"orillasnuevasglosaestudio@gmail.com","twitter_card":"summary_large_image","twitter_misc":{"\u00c9crit par":"orillasnuevasglosaestudio@gmail.com","Dur\u00e9e de lecture estim\u00e9e":"6 minutes"},"schema":{"@context":"https:\/\/schema.org","@graph":[{"@type":"Article","@id":"https:\/\/orillasnuevas.org\/novedades\/fondo-enlace-anuncia-los-26-proyectos-seleccionados\/#article","isPartOf":{"@id":"https:\/\/orillasnuevas.org\/novedades\/fondo-enlace-anuncia-los-26-proyectos-seleccionados\/"},"author":{"name":"orillasnuevasglosaestudio@gmail.com","@id":"https:\/\/orillasnuevas.org\/fr\/#\/schema\/person\/e6d326b6c70c8b379ddbf522a8b90892"},"headline":"Fondo Enlace anuncia los 26 proyectos seleccionados","datePublished":"2025-10-15T15:00:18+00:00","dateModified":"2025-10-16T14:57:09+00:00","mainEntityOfPage":{"@id":"https:\/\/orillasnuevas.org\/novedades\/fondo-enlace-anuncia-los-26-proyectos-seleccionados\/"},"wordCount":1250,"commentCount":0,"publisher":{"@id":"https:\/\/orillasnuevas.org\/fr\/#organization"},"image":{"@id":"https:\/\/orillasnuevas.org\/novedades\/fondo-enlace-anuncia-los-26-proyectos-seleccionados\/#primaryimage"},"thumbnailUrl":"https:\/\/orillasnuevas.org\/wp-content\/uploads\/2025\/10\/Novedades-ON-2.webp","articleSection":["Novedades"],"inLanguage":"fr-FR","potentialAction":[{"@type":"CommentAction","name":"Comment","target":["https:\/\/orillasnuevas.org\/novedades\/fondo-enlace-anuncia-los-26-proyectos-seleccionados\/#respond"]}]},{"@type":"WebPage","@id":"https:\/\/orillasnuevas.org\/novedades\/fondo-enlace-anuncia-los-26-proyectos-seleccionados\/","url":"https:\/\/orillasnuevas.org\/novedades\/fondo-enlace-anuncia-los-26-proyectos-seleccionados\/","name":"Fondo Enlace anuncia los 26 proyectos seleccionados - Orillas Nuevas","isPartOf":{"@id":"https:\/\/orillasnuevas.org\/fr\/#website"},"primaryImageOfPage":{"@id":"https:\/\/orillasnuevas.org\/novedades\/fondo-enlace-anuncia-los-26-proyectos-seleccionados\/#primaryimage"},"image":{"@id":"https:\/\/orillasnuevas.org\/novedades\/fondo-enlace-anuncia-los-26-proyectos-seleccionados\/#primaryimage"},"thumbnailUrl":"https:\/\/orillasnuevas.org\/wp-content\/uploads\/2025\/10\/Novedades-ON-2.webp","datePublished":"2025-10-15T15:00:18+00:00","dateModified":"2025-10-16T14:57:09+00:00","breadcrumb":{"@id":"https:\/\/orillasnuevas.org\/novedades\/fondo-enlace-anuncia-los-26-proyectos-seleccionados\/#breadcrumb"},"inLanguage":"fr-FR","potentialAction":[{"@type":"ReadAction","target":["https:\/\/orillasnuevas.org\/novedades\/fondo-enlace-anuncia-los-26-proyectos-seleccionados\/"]}]},{"@type":"ImageObject","inLanguage":"fr-FR","@id":"https:\/\/orillasnuevas.org\/novedades\/fondo-enlace-anuncia-los-26-proyectos-seleccionados\/#primaryimage","url":"https:\/\/orillasnuevas.org\/wp-content\/uploads\/2025\/10\/Novedades-ON-2.webp","contentUrl":"https:\/\/orillasnuevas.org\/wp-content\/uploads\/2025\/10\/Novedades-ON-2.webp","width":1000,"height":600},{"@type":"BreadcrumbList","@id":"https:\/\/orillasnuevas.org\/novedades\/fondo-enlace-anuncia-los-26-proyectos-seleccionados\/#breadcrumb","itemListElement":[{"@type":"ListItem","position":1,"name":"Inicio","item":"https:\/\/orillasnuevas.org\/"},{"@type":"ListItem","position":2,"name":"Fondo Enlace anuncia los 26 proyectos seleccionados"}]},{"@type":"WebSite","@id":"https:\/\/orillasnuevas.org\/fr\/#website","url":"https:\/\/orillasnuevas.org\/fr\/","name":"Orillas Nuevas","description":"Programa de apoyo, financiamiento e internacionalizaci\u00f3n de las industrias culturales y creativas en Argentina organizado por el Institut fran\u00e7ais d\u2019Argentine.","publisher":{"@id":"https:\/\/orillasnuevas.org\/fr\/#organization"},"potentialAction":[{"@type":"SearchAction","target":{"@type":"EntryPoint","urlTemplate":"https:\/\/orillasnuevas.org\/fr\/?s={search_term_string}"},"query-input":{"@type":"PropertyValueSpecification","valueRequired":true,"valueName":"search_term_string"}}],"inLanguage":"fr-FR"},{"@type":"Organization","@id":"https:\/\/orillasnuevas.org\/fr\/#organization","name":"Orillas Nuevas","url":"https:\/\/orillasnuevas.org\/fr\/","logo":{"@type":"ImageObject","inLanguage":"fr-FR","@id":"https:\/\/orillasnuevas.org\/fr\/#\/schema\/logo\/image\/","url":"https:\/\/orillasnuevas.org\/wp-content\/uploads\/2024\/09\/ON_Portada-FB.jpg","contentUrl":"https:\/\/orillasnuevas.org\/wp-content\/uploads\/2024\/09\/ON_Portada-FB.jpg","width":1708,"height":750,"caption":"Orillas Nuevas"},"image":{"@id":"https:\/\/orillasnuevas.org\/fr\/#\/schema\/logo\/image\/"},"sameAs":["https:\/\/www.instagram.com\/orillasnuevas"]},{"@type":"Person","@id":"https:\/\/orillasnuevas.org\/fr\/#\/schema\/person\/e6d326b6c70c8b379ddbf522a8b90892","name":"orillasnuevasglosaestudio@gmail.com","image":{"@type":"ImageObject","inLanguage":"fr-FR","@id":"https:\/\/secure.gravatar.com\/avatar\/374578686dfa4f3267b5847b5cfe2f24c6eff592537aac399605cd601a787bec?s=96&d=mm&r=g","url":"https:\/\/secure.gravatar.com\/avatar\/374578686dfa4f3267b5847b5cfe2f24c6eff592537aac399605cd601a787bec?s=96&d=mm&r=g","contentUrl":"https:\/\/secure.gravatar.com\/avatar\/374578686dfa4f3267b5847b5cfe2f24c6eff592537aac399605cd601a787bec?s=96&d=mm&r=g","caption":"orillasnuevasglosaestudio@gmail.com"},"sameAs":["http:\/\/orillasnuevas.org"],"url":"https:\/\/orillasnuevas.org\/fr\/author\/orillasnuevasglosaestudiogmail-com\/"}]}},"_links":{"self":[{"href":"https:\/\/orillasnuevas.org\/fr\/wp-json\/wp\/v2\/posts\/5480","targetHints":{"allow":["GET"]}}],"collection":[{"href":"https:\/\/orillasnuevas.org\/fr\/wp-json\/wp\/v2\/posts"}],"about":[{"href":"https:\/\/orillasnuevas.org\/fr\/wp-json\/wp\/v2\/types\/post"}],"author":[{"embeddable":true,"href":"https:\/\/orillasnuevas.org\/fr\/wp-json\/wp\/v2\/users\/1"}],"replies":[{"embeddable":true,"href":"https:\/\/orillasnuevas.org\/fr\/wp-json\/wp\/v2\/comments?post=5480"}],"version-history":[{"count":7,"href":"https:\/\/orillasnuevas.org\/fr\/wp-json\/wp\/v2\/posts\/5480\/revisions"}],"predecessor-version":[{"id":5498,"href":"https:\/\/orillasnuevas.org\/fr\/wp-json\/wp\/v2\/posts\/5480\/revisions\/5498"}],"wp:featuredmedia":[{"embeddable":true,"href":"https:\/\/orillasnuevas.org\/fr\/wp-json\/wp\/v2\/media\/5481"}],"wp:attachment":[{"href":"https:\/\/orillasnuevas.org\/fr\/wp-json\/wp\/v2\/media?parent=5480"}],"wp:term":[{"taxonomy":"category","embeddable":true,"href":"https:\/\/orillasnuevas.org\/fr\/wp-json\/wp\/v2\/categories?post=5480"},{"taxonomy":"post_tag","embeddable":true,"href":"https:\/\/orillasnuevas.org\/fr\/wp-json\/wp\/v2\/tags?post=5480"}],"curies":[{"name":"wp","href":"https:\/\/api.w.org\/{rel}","templated":true}]}}